{"id":1830,"date":"2025-08-08T04:44:32","date_gmt":"2025-08-08T04:44:32","guid":{"rendered":"https:\/\/terapeutadelenguaje.com\/?p=1830"},"modified":"2025-08-26T02:45:28","modified_gmt":"2025-08-26T02:45:28","slug":"lic-rebeca-lerman-garber","status":"publish","type":"post","link":"https:\/\/terapeutadelenguaje.com\/?p=1830","title":{"rendered":"Lic. Rebeca Lerman Garber"},"content":{"rendered":"\t\t<div data-elementor-type=\"wp-post\" data-elementor-id=\"1830\" class=\"elementor elementor-1830\">\n\t\t\t\t\t\t\t\t\t<section class=\"elementor-section elementor-top-section elementor-element elementor-element-18489bc elementor-section-boxed elementor-section-height-default elementor-section-height-default\" data-id=\"18489bc\" data-element_type=\"section\">\n\t\t\t\t\t\t<div class=\"elementor-container elementor-column-gap-default\">\n\t\t\t\t\t<div class=\"elementor-column elementor-col-50 elementor-top-column elementor-element elementor-element-9bccdc6\" data-id=\"9bccdc6\" data-element_type=\"column\">\n\t\t\t<div class=\"elementor-widget-wrap elementor-element-populated\">\n\t\t\t\t\t\t\t\t<div class=\"elementor-element elementor-element-733172e elementor-widget elementor-widget-text-editor\" data-id=\"733172e\" data-element_type=\"widget\" data-widget_type=\"text-editor.default\">\n\t\t\t\t<div class=\"elementor-widget-container\">\n\t\t\t<style>\/*! elementor - v3.16.0 - 20-09-2023 *\/\n.elementor-widget-text-editor.elementor-drop-cap-view-stacked .elementor-drop-cap{background-color:#69727d;color:#fff}.elementor-widget-text-editor.elementor-drop-cap-view-framed .elementor-drop-cap{color:#69727d;border:3px solid;background-color:transparent}.elementor-widget-text-editor:not(.elementor-drop-cap-view-default) .elementor-drop-cap{margin-top:8px}.elementor-widget-text-editor:not(.elementor-drop-cap-view-default) .elementor-drop-cap-letter{width:1em;height:1em}.elementor-widget-text-editor .elementor-drop-cap{float:left;text-align:center;line-height:1;font-size:50px}.elementor-widget-text-editor .elementor-drop-cap-letter{display:inline-block}<\/style>\t\t\t\t<p style=\"text-align: center;\"><strong>Estudios:<\/strong><\/p><p style=\"text-align: center;\"><span data-sheets-root=\"1\">Maestra Especialista en personas con trastornos en la audici\u00f3n y el lenguaje y lenguaje.<\/span><\/p><p style=\"text-align: center;\"><span data-sheets-root=\"1\">Maestr\u00eda: Universidad Anahuac. Maestr\u00eda en Psicolog\u00eda del Desarrollo y Trastornos del Ajuste Escolar. <br \/>Diplomado: Universidad Anahuac. Neuropsicolog\u00eda. <br \/>Curso online Programa infantil Phonack.Espa\u00f1a. Audiolog\u00eda b\u00e1sica y rehabilitaci\u00f3n auditiva en ni\u00f1os <br \/>Diplomado: Instituto mexicano de Psicoterapia de Arte (IMPA). Psicoterapia de arte <br \/>Diplomado: Online. Open studio Process M\u00e9xico<\/span><\/p><p style=\"text-align: center;\"><strong>Especialidad:<\/strong><\/p><p style=\"text-align: center;\"><span data-sheets-root=\"1\">En el programa de intervenci\u00f3n temprana centrada en la familia con bebes sordos. <\/span><\/p><p style=\"text-align: center;\"><span data-sheets-root=\"1\">Trabajo en Coaching con adultos ensordecidos para brindarles estrategias que mejoren su calidad de vida como el aprendizaje de la lectura labio facial y apoyando a sus familiares.<br \/>Facilitadora de Open Studio Process a trav\u00e9s del arte con diplomado en psicoterapia de arte. <\/span><\/p><p><strong>Email:<\/strong><\/p><p style=\"text-align: center;\"><span data-sheets-root=\"1\">rebecalerman@gmail.com<\/span><\/p><p style=\"text-align: center;\"><strong>Tel, Cel, WhatsApp:<\/strong><\/p><p style=\"text-align: center;\"><span data-sheets-root=\"1\">5526900346<\/span><\/p>\t\t\t\t\t\t<\/div>\n\t\t\t\t<\/div>\n\t\t\t\t\t<\/div>\n\t\t<\/div>\n\t\t\t\t<div class=\"elementor-column elementor-col-50 elementor-top-column elementor-element elementor-element-2860062\" data-id=\"2860062\" data-element_type=\"column\">\n\t\t\t<div class=\"elementor-widget-wrap elementor-element-populated\">\n\t\t\t\t\t\t\t\t<div class=\"elementor-element elementor-element-d88fa86 elementor-widget elementor-widget-image\" data-id=\"d88fa86\" data-element_type=\"widget\" data-widget_type=\"image.default\">\n\t\t\t\t<div class=\"elementor-widget-container\">\n\t\t\t<style>\/*! elementor - v3.16.0 - 20-09-2023 *\/\n.elementor-widget-image{text-align:center}.elementor-widget-image a{display:inline-block}.elementor-widget-image a img[src$=\".svg\"]{width:48px}.elementor-widget-image img{vertical-align:middle;display:inline-block}<\/style>\t\t\t\t\t\t\t\t\t\t\t\t<img loading=\"lazy\" decoding=\"async\" width=\"467\" height=\"666\" src=\"https:\/\/terapeutadelenguaje.com\/wp-content\/uploads\/2025\/08\/Rebeca-Lerman-e1756176717949.jpg\" class=\"attachment-large size-large wp-image-1801\" alt=\"\" \/>\t\t\t\t\t\t\t\t\t\t\t\t\t\t\t<\/div>\n\t\t\t\t<\/div>\n\t\t\t\t<div class=\"elementor-element elementor-element-45cba8a elementor-widget elementor-widget-heading\" data-id=\"45cba8a\" data-element_type=\"widget\" data-widget_type=\"heading.default\">\n\t\t\t\t<div class=\"elementor-widget-container\">\n\t\t\t<style>\/*! elementor - v3.16.0 - 20-09-2023 *\/\n.elementor-heading-title{padding:0;margin:0;line-height:1}.elementor-widget-heading .elementor-heading-title[class*=elementor-size-]>a{color:inherit;font-size:inherit;line-height:inherit}.elementor-widget-heading .elementor-heading-title.elementor-size-small{font-size:15px}.elementor-widget-heading .elementor-heading-title.elementor-size-medium{font-size:19px}.elementor-widget-heading .elementor-heading-title.elementor-size-large{font-size:29px}.elementor-widget-heading .elementor-heading-title.elementor-size-xl{font-size:39px}.elementor-widget-heading .elementor-heading-title.elementor-size-xxl{font-size:59px}<\/style><h2 class=\"elementor-heading-title elementor-size-default\">Atenci\u00f3n remota y Presencial<\/h2>\t\t<\/div>\n\t\t\t\t<\/div>\n\t\t\t\t<div class=\"elementor-element elementor-element-07462a7 elementor-widget elementor-widget-heading\" data-id=\"07462a7\" data-element_type=\"widget\" data-widget_type=\"heading.default\">\n\t\t\t\t<div class=\"elementor-widget-container\">\n\t\t\t<h2 class=\"elementor-heading-title elementor-size-default\">Tel y Whats App: 5526900346<\/h2>\t\t<\/div>\n\t\t\t\t<\/div>\n\t\t\t\t\t<\/div>\n\t\t<\/div>\n\t\t\t\t\t\t\t<\/div>\n\t\t<\/section>\n\t\t\t\t\t\t\t<\/div>\n\t\t","protected":false},"excerpt":{"rendered":"<p>Estudios: Maestra Especialista en personas con trastornos en la audici\u00f3n y el lenguaje y lenguaje. Maestr\u00eda: Universidad Anahuac. Maestr\u00eda en Psicolog\u00eda del Desarrollo y Trastornos del Ajuste Escolar. Diplomado: Universidad Anahuac. Neuropsicolog\u00eda. Curso online Programa infantil Phonack.Espa\u00f1a. Audiolog\u00eda b\u00e1sica y rehabilitaci\u00f3n auditiva en ni\u00f1os Diplomado: Instituto mexicano de Psicoterapia de Arte (IMPA). Psicoterapia de arte &hellip;<\/p>\n<p class=\"read-more\"> <a class=\"\" href=\"https:\/\/terapeutadelenguaje.com\/?p=1830\"> <span class=\"screen-reader-text\">Lic. Rebeca Lerman Garber<\/span> Leer m\u00e1s &raquo;<\/a><\/p>\n","protected":false},"author":1,"featured_media":0,"comment_status":"open","ping_status":"open","sticky":false,"template":"","format":"standard","meta":{"site-sidebar-layout":"default","site-content-layout":"","ast-site-content-layout":"default","site-content-style":"default","site-sidebar-style":"default","ast-global-header-display":"","ast-banner-title-visibility":"","ast-main-header-display":"","ast-hfb-above-header-display":"","ast-hfb-below-header-display":"","ast-hfb-mobile-header-display":"","site-post-title":"","ast-breadcrumbs-content":"","ast-featured-img":"","footer-sml-layout":"","theme-transparent-header-meta":"","adv-header-id-meta":"","stick-header-meta":"","header-above-stick-meta":"","header-main-stick-meta":"","header-below-stick-meta":"","astra-migrate-meta-layouts":"set","_joinchat":[],"footnotes":""},"categories":[1],"tags":[],"class_list":["post-1830","post","type-post","status-publish","format-standard","hentry","category-uncategorized"],"_links":{"self":[{"href":"https:\/\/terapeutadelenguaje.com\/index.php?rest_route=\/wp\/v2\/posts\/1830"}],"collection":[{"href":"https:\/\/terapeutadelenguaje.com\/index.php?rest_route=\/wp\/v2\/posts"}],"about":[{"href":"https:\/\/terapeutadelenguaje.com\/index.php?rest_route=\/wp\/v2\/types\/post"}],"author":[{"embeddable":true,"href":"https:\/\/terapeutadelenguaje.com\/index.php?rest_route=\/wp\/v2\/users\/1"}],"replies":[{"embeddable":true,"href":"https:\/\/terapeutadelenguaje.com\/index.php?rest_route=%2Fwp%2Fv2%2Fcomments&post=1830"}],"version-history":[{"count":10,"href":"https:\/\/terapeutadelenguaje.com\/index.php?rest_route=\/wp\/v2\/posts\/1830\/revisions"}],"predecessor-version":[{"id":2000,"href":"https:\/\/terapeutadelenguaje.com\/index.php?rest_route=\/wp\/v2\/posts\/1830\/revisions\/2000"}],"wp:attachment":[{"href":"https:\/\/terapeutadelenguaje.com\/index.php?rest_route=%2Fwp%2Fv2%2Fmedia&parent=1830"}],"wp:term":[{"taxonomy":"category","embeddable":true,"href":"https:\/\/terapeutadelenguaje.com\/index.php?rest_route=%2Fwp%2Fv2%2Fcategories&post=1830"},{"taxonomy":"post_tag","embeddable":true,"href":"https:\/\/terapeutadelenguaje.com\/index.php?rest_route=%2Fwp%2Fv2%2Ftags&post=1830"}],"curies":[{"name":"wp","href":"https:\/\/api.w.org\/{rel}","templated":true}]}}