{"id":219,"date":"2022-12-21T03:22:34","date_gmt":"2022-12-21T03:22:34","guid":{"rendered":"https:\/\/terapeutadelenguaje.com\/?p=219"},"modified":"2025-08-26T01:56:00","modified_gmt":"2025-08-26T01:56:00","slug":"lic-laura-helena-torres-diaz","status":"publish","type":"post","link":"https:\/\/terapeutadelenguaje.com\/?p=219","title":{"rendered":"Lic Laura Helena Torres D\u00edaz"},"content":{"rendered":"\t\t<div data-elementor-type=\"wp-post\" data-elementor-id=\"219\" class=\"elementor elementor-219\">\n\t\t\t\t\t\t\t\t\t<section class=\"elementor-section elementor-top-section elementor-element elementor-element-02fae7a elementor-section-boxed elementor-section-height-default elementor-section-height-default\" data-id=\"02fae7a\" data-element_type=\"section\">\n\t\t\t\t\t\t<div class=\"elementor-container elementor-column-gap-default\">\n\t\t\t\t\t<div class=\"elementor-column elementor-col-50 elementor-top-column elementor-element elementor-element-1944ebd\" data-id=\"1944ebd\" data-element_type=\"column\">\n\t\t\t<div class=\"elementor-widget-wrap elementor-element-populated\">\n\t\t\t\t\t\t\t\t<div class=\"elementor-element elementor-element-ee1e442 elementor-widget elementor-widget-heading\" data-id=\"ee1e442\" data-element_type=\"widget\" data-widget_type=\"heading.default\">\n\t\t\t\t<div class=\"elementor-widget-container\">\n\t\t\t<style>\/*! elementor - v3.16.0 - 20-09-2023 *\/\n.elementor-heading-title{padding:0;margin:0;line-height:1}.elementor-widget-heading .elementor-heading-title[class*=elementor-size-]>a{color:inherit;font-size:inherit;line-height:inherit}.elementor-widget-heading .elementor-heading-title.elementor-size-small{font-size:15px}.elementor-widget-heading .elementor-heading-title.elementor-size-medium{font-size:19px}.elementor-widget-heading .elementor-heading-title.elementor-size-large{font-size:29px}.elementor-widget-heading .elementor-heading-title.elementor-size-xl{font-size:39px}.elementor-widget-heading .elementor-heading-title.elementor-size-xxl{font-size:59px}<\/style><h2 class=\"elementor-heading-title elementor-size-default\">EDUCACI\u00d3N<\/h2>\t\t<\/div>\n\t\t\t\t<\/div>\n\t\t\t\t<div class=\"elementor-element elementor-element-6842c75 elementor-widget elementor-widget-text-editor\" data-id=\"6842c75\" data-element_type=\"widget\" data-widget_type=\"text-editor.default\">\n\t\t\t\t<div class=\"elementor-widget-container\">\n\t\t\t<style>\/*! elementor - v3.16.0 - 20-09-2023 *\/\n.elementor-widget-text-editor.elementor-drop-cap-view-stacked .elementor-drop-cap{background-color:#69727d;color:#fff}.elementor-widget-text-editor.elementor-drop-cap-view-framed .elementor-drop-cap{color:#69727d;border:3px solid;background-color:transparent}.elementor-widget-text-editor:not(.elementor-drop-cap-view-default) .elementor-drop-cap{margin-top:8px}.elementor-widget-text-editor:not(.elementor-drop-cap-view-default) .elementor-drop-cap-letter{width:1em;height:1em}.elementor-widget-text-editor .elementor-drop-cap{float:left;text-align:center;line-height:1;font-size:50px}.elementor-widget-text-editor .elementor-drop-cap-letter{display:inline-block}<\/style>\t\t\t\t<p><strong>Instituto Mexicano de Audici\u00f3n y Lenguaje (IMAL)<\/strong><\/p><p>1987 &#8211; 1991<\/p><p>Licenciatura en la Terapia de la Audici\u00f3n, la Voz y el Lenguaje Oral y Escrito<\/p><p>Menci\u00f3n honor\u00edfica por excelente promedio as\u00ed como por el desempe\u00f1o en el trabajo recepcional.<\/p><p>C\u00e9dula Profesional: 2049435<\/p><p><strong>Centro Empresarial Gestalt de Excelencia en Capacitaci\u00f3n y Consultor\u00eda<\/strong><\/p><p>1998 &#8211; 1999<\/p><p>Diplomado de Estimulaci\u00f3nTemprana y Terapia L\u00fadica<\/p><p><strong>Escuela Nacional de Antropolog\u00eda e Historia (ENHA)<\/strong><\/p><p><strong>Direcci\u00f3n de Neuroling\u00fc\u00edstica<\/strong><\/p><p>2000-2001<\/p><p>Diplomado de Logogenia<\/p>\t\t\t\t\t\t<\/div>\n\t\t\t\t<\/div>\n\t\t\t\t\t<\/div>\n\t\t<\/div>\n\t\t\t\t<div class=\"elementor-column elementor-col-50 elementor-top-column elementor-element elementor-element-1f93f6d\" data-id=\"1f93f6d\" data-element_type=\"column\">\n\t\t\t<div class=\"elementor-widget-wrap elementor-element-populated\">\n\t\t\t\t\t\t\t\t<div class=\"elementor-element elementor-element-67aa667 elementor-widget elementor-widget-image\" data-id=\"67aa667\" data-element_type=\"widget\" data-widget_type=\"image.default\">\n\t\t\t\t<div class=\"elementor-widget-container\">\n\t\t\t<style>\/*! elementor - v3.16.0 - 20-09-2023 *\/\n.elementor-widget-image{text-align:center}.elementor-widget-image a{display:inline-block}.elementor-widget-image a img[src$=\".svg\"]{width:48px}.elementor-widget-image img{vertical-align:middle;display:inline-block}<\/style>\t\t\t\t\t\t\t\t\t\t\t\t<img loading=\"lazy\" decoding=\"async\" width=\"366\" height=\"467\" src=\"https:\/\/terapeutadelenguaje.com\/wp-content\/uploads\/2022\/12\/Laura-1.jpg\" class=\"attachment-large size-large wp-image-212\" alt=\"\" srcset=\"https:\/\/terapeutadelenguaje.com\/wp-content\/uploads\/2022\/12\/Laura-1.jpg 366w, https:\/\/terapeutadelenguaje.com\/wp-content\/uploads\/2022\/12\/Laura-1-235x300.jpg 235w\" sizes=\"(max-width: 366px) 100vw, 366px\" \/>\t\t\t\t\t\t\t\t\t\t\t\t\t\t\t<\/div>\n\t\t\t\t<\/div>\n\t\t\t\t<div class=\"elementor-element elementor-element-6259cfb elementor-widget elementor-widget-heading\" data-id=\"6259cfb\" data-element_type=\"widget\" data-widget_type=\"heading.default\">\n\t\t\t\t<div class=\"elementor-widget-container\">\n\t\t\t<h2 class=\"elementor-heading-title elementor-size-default\">Atenci\u00f3n remota y presencial<\/h2>\t\t<\/div>\n\t\t\t\t<\/div>\n\t\t\t\t<div class=\"elementor-element elementor-element-2cd94b4 elementor-widget elementor-widget-heading\" data-id=\"2cd94b4\" data-element_type=\"widget\" data-widget_type=\"heading.default\">\n\t\t\t\t<div class=\"elementor-widget-container\">\n\t\t\t<h2 class=\"elementor-heading-title elementor-size-default\"> Tel y Whats App: 5549381771<\/h2>\t\t<\/div>\n\t\t\t\t<\/div>\n\t\t\t\t\t<\/div>\n\t\t<\/div>\n\t\t\t\t\t\t\t<\/div>\n\t\t<\/section>\n\t\t\t\t<section class=\"elementor-section elementor-top-section elementor-element elementor-element-03296f7 elementor-section-boxed elementor-section-height-default elementor-section-height-default\" data-id=\"03296f7\" data-element_type=\"section\">\n\t\t\t\t\t\t<div class=\"elementor-container elementor-column-gap-default\">\n\t\t\t\t\t<div class=\"elementor-column elementor-col-100 elementor-top-column elementor-element elementor-element-05c43c2\" data-id=\"05c43c2\" data-element_type=\"column\">\n\t\t\t<div class=\"elementor-widget-wrap elementor-element-populated\">\n\t\t\t\t\t\t\t\t<div class=\"elementor-element elementor-element-a459fda elementor-widget elementor-widget-text-editor\" data-id=\"a459fda\" data-element_type=\"widget\" data-widget_type=\"text-editor.default\">\n\t\t\t\t<div class=\"elementor-widget-container\">\n\t\t\t\t\t\t\t<table width=\"100%\"><tbody><tr><td width=\"441\"><h1>EXPERIENCIA LABORAL<\/h1><\/td><\/tr><tr><td width=\"441\"><p><strong>Instituto Mexicano de la Audici\u00f3n y Lenguaje<\/strong><\/p><p><strong>Maestra Titular de la Escuela Oral<\/strong><\/p><p>Planeaci\u00f3n anual, mensual y semanal sobre el programa de oralizaci\u00f3n con objetivos que se cubrieron en el ciclo escolar para la rehabilitaci\u00f3n de ni\u00f1os hipoac\u00fasicos. 1990-1991<\/p><p><strong>Pr\u00e1cticas supervisadas en Escuela Oral y Cl\u00ednica Externa<\/strong><\/p><p>Planeaci\u00f3n y ejecuci\u00f3n de programas para la rehabilitaci\u00f3n de ni\u00f1os con problemas de lenguaje, audici\u00f3n y aprendizaje 1988-1990<\/p><p><strong>Hospital General de M\u00e9xico<\/strong><\/p><p><strong>Servicio Social en el Servicio de Cirug\u00eda Pl\u00e1stica y Reconstructiva<\/strong><\/p><p>Iniciamos con el servicio de Terapia de lenguaje para la Rehabilitaci\u00f3n de ni\u00f1os con labio y paladar hendido 1991-1992<\/p><p><strong>Centro de Medicina F\u00edsica y Rehabilitaci\u00f3n\u00a0<\/strong>(<strong>Terapeuta de lenguaje, audici\u00f3n y aprendizaje)<\/strong><\/p><p>Julio 1991 \u2013Julio 1992<\/p><p>Evaluaci\u00f3n y rehabilitaci\u00f3n de ni\u00f1os y adultos con alteraciones de lenguaje, audici\u00f3n y aprendizaje.<\/p><p><strong>Centro Psicopedag\u00f3gico\u00a0<\/strong>(<strong>Terapeuta de lenguaje, audici\u00f3n y aprendizaje)<\/strong><\/p><p>Julio 1993 \u2013Julio 1994<\/p><p>Dise\u00f1o de programas y rehabilitaci\u00f3n para ni\u00f1os y adultos con problemas de lenguaje y aprendizaje.<\/p><p><strong>Hospital Central Norte (H.C.N) Petr\u00f3leos Mexicanos PEMEX<\/strong><\/p><p>Adscrita al servicio de Terapia de lenguaje. Rehabilitaci\u00f3n a ni\u00f1os y adultos con problemas en audici\u00f3n, lenguaje y aprendizaje. Julio 1993- enero 1995<\/p><p><strong>Hospital Central Sur de Alta Especialidad (H.C.S.A.E) Petr\u00f3leos Mexicanos PEMEX\u00a0<\/strong><strong>(Terapeuta en audici\u00f3n, lenguaje y aprendizaje)<\/strong><\/p><p>Julio 1995-Hasta la fecha<\/p><p>Coordinadora del Servicio de Terapia de Lenguaje<\/p><p>Terapeuta de Lenguaje en Audici\u00f3n, Lenguaje y Aprendizaje<\/p><p>Evaluaci\u00f3n y dise\u00f1o de programas de rehabilitaci\u00f3n espec\u00edficos para cada patolog\u00eda.<\/p><p>Aplicaci\u00f3n, evaluaci\u00f3n y revisi\u00f3n de programas for\u00e1neos.<\/p><p>Participaci\u00f3n en diferentes ponencias dirigidas a m\u00e9dicos adscritos, residentes y derechohabientes en temas de rehabilitaci\u00f3n del ni\u00f1o sordo y el adulto ensordecido, ni\u00f1os con implante coclear, terapia de triple adiestramiento, logogenia, rehabilitaci\u00f3n del paciente af\u00e1sico.<\/p><p><strong>\u00a0<\/strong><\/p><p><strong>\u00a0<\/strong><\/p><p><strong>Consultorio Privado (Terapeuta en audici\u00f3n, lenguaje y aprendizaje)<\/strong><\/p><p>1993-Hasta la fecha en la atenci\u00f3n a ni\u00f1os y adultos con alteraciones en lenguaje, audici\u00f3n y aprendizaje.<\/p><p><strong>CONFERENCIAS<\/strong><\/p><p><strong>\u00a0<\/strong><\/p><p>\u00b7\u00a0\u00a0\u00a0\u00a0\u00a0\u00a0\u00a0\u00a0<strong>Logogenia\u00a0<\/strong>Sesi\u00f3n general Hospital Central Norte. 1994<\/p><p>\u00b7\u00a0\u00a0\u00a0\u00a0\u00a0\u00a0\u00a0\u00a0<strong>Requisitos Previos de la Escritura, ayuda en los errores de la lectura y la escritura.\u00a0<\/strong>Escuela para padres. Hospital Central Sur de Alta Especialidad. 1998<\/p><p>\u00b7\u00a0\u00a0\u00a0\u00a0\u00a0\u00a0\u00a0\u00a0<strong>Formaci\u00f3n del concepto de n\u00famero, pautas de correcci\u00f3n en los errores del c\u00e1lculo.\u00a0<\/strong>Escuela para padres. Hospital Central Sur de Alta Especialidad. 1999<\/p><p>\u00b7\u00a0\u00a0\u00a0\u00a0\u00a0\u00a0\u00a0\u00a0<strong>Rehabilitaci\u00f3n del paciente con problemas de lenguaje.\u00a0<\/strong>Sesi\u00f3n general. Hospital Central Sur de Alta Especialidad. 2002<\/p><p>\u00b7\u00a0\u00a0\u00a0\u00a0\u00a0\u00a0\u00a0\u00a0<strong>Afasia\u00a0<\/strong>Sesi\u00f3n a Residentes del Hospital Central Sur de Alta Especialidad 2003<\/p><p>\u00b7\u00a0\u00a0\u00a0\u00a0\u00a0\u00a0\u00a0\u00a0<strong>Problemas de aprendizaje y ni\u00f1os con TDAH\u00a0<\/strong>Sesi\u00f3n a Residentes del Hospital Central Sur de Alta Especialidad 2003<\/p><p>\u00b7\u00a0\u00a0\u00a0\u00a0\u00a0\u00a0\u00a0\u00a0<strong>Perfil IC Evaluaci\u00f3n psicopedag\u00f3gica\u00a0<\/strong>Sesi\u00f3n General. Hospital Central Sur de Alta Especialidad. 2003<\/p><p>\u00b7\u00a0\u00a0\u00a0\u00a0\u00a0\u00a0\u00a0\u00a0<strong>Triple Adiestramiento\u00a0<\/strong>Sesi\u00f3n a Residentes del Hospital Central Sur de Alta Especialidad 2004<\/p><p>\u00b7\u00a0\u00a0\u00a0\u00a0\u00a0\u00a0\u00a0\u00a0<strong>La Rehabilitaci\u00f3n del ni\u00f1o con implante coclear\u00a0<\/strong>Sesi\u00f3n General. Hospital Central Sur de Alta Especialidad.2006<\/p><p>\u00b7\u00a0\u00a0\u00a0\u00a0\u00a0\u00a0\u00a0\u00a0<strong>Rehabilitaci\u00f3n del Adulto Ensordecido\u00a0<\/strong>Curso a pacientes y familiares. Hospital Central Sur de Alta Especialidad. 2013<\/p><p>\u00b7\u00a0\u00a0\u00a0\u00a0\u00a0\u00a0\u00a0\u00a0<strong>La Rehabilitaci\u00f3n del ni\u00f1o con implante coclear. Terapia Auditivo Verbal.\u00a0<\/strong>Sesi\u00f3n General. Hospital Central Sur de Alta Especialidad.2016<\/p><p>\u00b7\u00a0\u00a0\u00a0\u00a0\u00a0\u00a0\u00a0\u00a0<strong>Implante Coclear\u00a0<\/strong>Sesi\u00f3n General. Hospital Central Sur de Alta Especialidad.2020<\/p><p>\u00b7\u00a0\u00a0\u00a0\u00a0\u00a0\u00a0\u00a0\u00a0<strong>Terapia de Lenguaje a Pacientes con Labio y Paladar Hendido\u00a0<\/strong>Sesi\u00f3n General. Hospital Central Sur de Alta Especialidad.2020<\/p><p><strong>\u00a0<\/strong><\/p><p><strong>PROFESORA INVITADA<\/strong><\/p><p><strong>\u00a0<\/strong><\/p><p>\u00b7\u00a0\u00a0\u00a0\u00a0\u00a0\u00a0\u00a0\u00a0<strong>Colaboraci\u00f3n acad\u00e9mica en el curso universitario de otorrinolaringolog\u00eda 2005-2006\u00a0<\/strong>La Dividi\u00f3n de Estudios de posgrado de la Facultad de Medicina<\/p><p>\u00b7\u00a0\u00a0\u00a0\u00a0\u00a0\u00a0\u00a0\u00a0<strong>Colaboraci\u00f3n acad\u00e9mica en el curso universitario de otorrinolaringolog\u00eda 2006\u00a0<\/strong>Universidad la Salle<\/p><p>\u00b7\u00a0\u00a0\u00a0\u00a0\u00a0\u00a0\u00a0\u00a0<strong>Colaboraci\u00f3n acad\u00e9mica en el curso universitario de otorrinolaringolog\u00eda 2007\u00a0<\/strong>Universidad la Salle<\/p><p><strong>\u00a0<\/strong><\/p><p><strong>COORDINACI\u00d3N DE CURSOS<\/strong><\/p><p><strong>\u00a0<\/strong><\/p><p>\u00b7\u00a0\u00a0\u00a0\u00a0\u00a0\u00a0\u00a0\u00a0<strong>El papel del profesional ante las dificultades de crianza del ni\u00f1o sordo.\u00a0<\/strong>Profra. Ruth Tampassi Hospital Central Sur de Alta Especilidad 2020<\/p><p>\u00b7\u00a0\u00a0\u00a0\u00a0\u00a0\u00a0\u00a0\u00a0<strong>Manejo de la incertidumbre en tiempos de COVID-19\u00a0<\/strong>Hospital Central Sur de Alta Especilidad 2020<\/p><p><strong>\u00a0<\/strong><\/p><p><strong>RECONOCIMIENTOS<\/strong><\/p><p><strong>\u00a0<\/strong><\/p><p>\u00b7\u00a0\u00a0\u00a0\u00a0\u00a0\u00a0\u00a0\u00a0<strong>Menci\u00f3n honor\u00edfica<\/strong>\u00a0en la Licenciatura de la Terapia de la Audici\u00f3n, la Voz y el Lenguaje Oral y Escrito IMAL 1994<\/p><p>\u00b7\u00a0\u00a0\u00a0\u00a0\u00a0\u00a0\u00a0\u00a0<strong>Por la Asociaci\u00f3n Mexicana del S\u00edndrome Cornelia de Lange A.C.\u00a0<\/strong>por la atenci\u00f3n brindada a la paciente Denisse de los Angeles Silva Ortega. Salamanca, Gto. 2010<\/p><p>\u00b7\u00a0\u00a0\u00a0\u00a0\u00a0\u00a0\u00a0\u00a0<strong>Por las felicitaciones de los derechohabientes del Hospital Central Sur de Alta Especialidad 2018 y 2019<\/strong><\/p><p>\u00b7\u00a0\u00a0\u00a0\u00a0\u00a0\u00a0\u00a0\u00a0<strong>Al servicio de Terapia de Lenguaje, al que pertenezco, por la atenci\u00f3n brindada a los derechohabientes del Hospital 2019.<\/strong><\/p><p><strong>\u00a0<\/strong><\/p><p><strong>IDIOMAS<\/strong><\/p><p><strong>\u00a0<\/strong><\/p><p>Ingl\u00e9s: 80 %<\/p><p>Franc\u00e9s: 80%<\/p><p><strong>\u00a0<\/strong><\/p><p><strong>SOFTWARE<\/strong><\/p><p><strong>\u00a0<\/strong><\/p><p>Word, Excel, Power point, Windows, Internet Explorer<\/p><p><strong>\u00a0<\/strong><\/p><p><strong>\u00c1REAS DE INTER\u00c9S:<\/strong><\/p><p><strong>\u00a0<\/strong><\/p><p>Cursos de actualizaci\u00f3n continuos en los temas de Terapia Auditivo Verbal, procesamiento auditivo central, rehabilitaci\u00f3n del ni\u00f1o sordo, disfagia, problemas en aprendizaje y d\u00e9ficit de atenci\u00f3n.<\/p><p>\u00b7\u00a0\u00a0\u00a0\u00a0\u00a0\u00a0\u00a0 Terapia a ni\u00f1os implantados con el m\u00e9todo auditivo-verbal y m\u00e9todo oral con auxiliares auditivos o implante coclear.<\/p><p>\u00b7\u00a0\u00a0\u00a0\u00a0\u00a0\u00a0\u00a0 Terapia de articulaci\u00f3n en ni\u00f1os con retardo en la adquisici\u00f3n del lenguaje.<\/p><p>\u00b7\u00a0\u00a0\u00a0\u00a0\u00a0\u00a0\u00a0 Disartrias o dislalias.<\/p><p>\u00b7\u00a0\u00a0\u00a0\u00a0\u00a0\u00a0\u00a0 Disfemia.<\/p><p>\u00b7\u00a0\u00a0\u00a0\u00a0\u00a0\u00a0\u00a0 Rehabilitaci\u00f3n de la percepci\u00f3n del habla en pacientes con alteraciones en el procesamiento auditivo central.<\/p><p>\u00b7\u00a0\u00a0\u00a0\u00a0\u00a0\u00a0\u00a0 Logogenia.<\/p><p>\u00b7\u00a0\u00a0\u00a0\u00a0\u00a0\u00a0\u00a0 Rehabilitaci\u00f3n de pacientes af\u00e1sicos.<\/p><p>\u00b7\u00a0\u00a0\u00a0\u00a0\u00a0\u00a0\u00a0 Terapia de aprendizaje y atenci\u00f3n a ni\u00f1os con trastorno con d\u00e9ficit de atenci\u00f3n e hiperactividad.<\/p><p>\u00b7\u00a0\u00a0\u00a0\u00a0\u00a0\u00a0\u00a0 Estimulaci\u00f3n cognitiva.<\/p><p><strong>\u00a0<\/strong><\/p><\/td><\/tr><tr><td width=\"441\"><h1><strong>Cursos<\/strong><\/h1><\/td><\/tr><tr><td width=\"441\"><p><strong>\u00a0<\/strong><\/p><p>1.\u00a0\u00a0\u00a0\u00a0\u00a0\u00a0<strong>International Course AMAOIR of Auditory Verbal Theraphy,<\/strong>\u00a018-may-18, AG Bell Academy<\/p><p>2.\u00a0\u00a0\u00a0\u00a0\u00a0\u00a0<strong>Ac\u00fastica aplicada al lenguaje<\/strong>,25-may-20, AMTCH, COMCAOF, 2 pts.<\/p><p>3.\u00a0\u00a0\u00a0\u00a0\u00a0\u00a0<strong>\u00c1mbito Legal para Terapeutas de Comunicaci\u00f3n Humana<\/strong>, 01-may-20\u00a0\u00a0\u00a0\u00a0\u00a0\u00a0\u00a0\u00a0 AMTCH<\/p><p>4.\u00a0\u00a0\u00a0\u00a0\u00a0\u00a0<strong>Parents of Preschool Deaf and Hard of Hearing Children,\u00a0<\/strong>28-jul-89, The John Tracy Clinic Summer Course<\/p><p>5.\u00a0\u00a0\u00a0\u00a0\u00a0\u00a0<strong>Diplomado de Logogenia<\/strong>\u00a0\u00a0\u00a0\u00a0\u00a0\u00a0\u00a0\u00a0\u00a0\u00a0\u00a0\u00a0\u00a0 18-ene-01\u00a0\u00a0\u00a0\u00a0 192hrs \u00a0\u00a0\u00a0\u00a0\u00a0\u00a0 ENAH<\/p><p>6.\u00a0\u00a0\u00a0\u00a0\u00a0\u00a0<strong>Diplomado en Estimulaci\u00f3n Temprana y Terapia L\u00fadica<\/strong>, 09-oct-99, Centro Empresarial Gestalt De Excelencia En Capacitaci\u00f3n y Consultor\u00eda<\/p><p>7.\u00a0\u00a0\u00a0\u00a0\u00a0\u00a0<strong>Aplicaci\u00f3n de pruebas neuropsicol\u00f3gicas<\/strong>\u00a0\u00a0\u00a0\u00a0\u00a0 INP\u00a0\u00a0\u00a0\u00a0\u00a0\u00a0 30hrs \u00a0\u00a0\u00a0\u00a0\u00a0\u00a0\u00a0\u00a0\u00a0\u00a0\u00a0\u00a0\u00a0 Oct-Dic-2010\u00a0\u00a0\u00a0\u00a0\u00a0<\/p><p>8.\u00a0\u00a0\u00a0\u00a0\u00a0\u00a0<strong>Taller de Pruebas Neuropsicol\u00f3gicas<\/strong>\u00a0\u00a0\u00a0\u00a0\u00a0\u00a0\u00a0\u00a0\u00a0\u00a0\u00a0\u00a0\u00a0 INR\u00a0\u00a0\u00a0\u00a0\u00a0\u00a0 23 de octubre a 11 de diciembre del 2020<\/p><p>9.\u00a0\u00a0\u00a0\u00a0\u00a0\u00a0<strong>Procedimientos e instrumentos para la evaluaci\u00f3n del desarrollo cognitivo del ni\u00f1o mexicano<\/strong>\u00a0INSTITUTO MEXICANO DE LA AUDICION Y EL LENGUAJE A.C\u00a0\u00a0\u00a0 Duraci\u00f3n: 35hrs\u00a0\u00a0\u00a0\u00a0\u00a0\u00a0\u00a0\u00a0\u00a0 16 al 24 de abril de 1990<\/p><p>10.\u00a0\u00a0<strong>Modificaci\u00f3n de conducta aplicado a la tartamudez<\/strong>\u00a0\u00a0\u00a0\u00a0\u00a0\u00a0\u00a0\u00a0\u00a0\u00a0 INSTITUTO MEXICANO DE LA AUDICION Y EL LENGUAJE A.C\u00a0\u00a0\u00a0\u00a0\u00a0\u00a0\u00a0\u00a0\u00a0 Duraci\u00f3n: 10hrs\u00a0\u00a0 10 al 21 de septiembre de 1990<\/p><p>11.\u00a0\u00a0<strong>Asistencia al seminario de lectura<\/strong>\u00a0INSTITUTO MEXICANO DE LA AUDICION Y EL LENGUAJE\u00a0\u00a0 18 de julio de 1992<\/p><p>12.\u00a0\u00a0<strong>Programa de adiestramiento y evaluaci\u00f3n de la percepci\u00f3n auditiva<\/strong>\u00a0INSTITUTO MEXICANO DE LA AUDICION Y EL LENGUAJE A.C\u00a0\u00a0\u00a0\u00a0 Duraci\u00f3n:\u00a0 20hrs.\u00a0\u00a0\u00a0\u00a0\u00a0\u00a0\u00a0\u00a0\u00a0 2 y 6 de julio del 2001<\/p><p>13.\u00a0\u00a0<strong>Curso de audiolog\u00eda aplicada<\/strong>\u00a0\u00a0 SMAF\u00a0\u00a0\u00a0\u00a0\u00a0\u00a0\u00a0\u00a0\u00a0 agosto 1988<\/p><p>14.\u00a0\u00a0<strong>Curso de Rehabilitaci\u00f3n del ni\u00f1o sordo<\/strong>\u00a0SMAF agosto 1988<\/p><p>15.\u00a0\u00a0<strong>Congreso nacional de audiolog\u00eda y foniatr\u00eda<\/strong>\u00a0SMAF\u00a0 30 al 2 de septiembre de 1988<\/p><p>16.\u00a0\u00a0<strong>\u00a0II Simposium Internacional SMAF<\/strong>\u00a0 29 de febrero de 1992<\/p><p>17.\u00a0\u00a0<strong>VIII Congreso de la A.M.A.F<\/strong>\u00a0La universidad Veracruzana y la asociaci\u00f3n mexicana de audiolog\u00eda y foniatr\u00eda \/ AMAF\u00a0\u00a0\u00a0\u00a0\u00a0\u00a0\u00a0\u00a0 20 al 23 de marzo de 1997<\/p><p>18.\u00a0\u00a0<strong>1er. Curso de actualizaci\u00f3n en Audiolog\u00eda, Otoneurolog\u00eda y foniatr\u00eda\u00a0\u00a0<\/strong>\u00a0A.M.C.A.O.F \/ C.MORL.C.C.C. \/ ISSSTE \/ C.M.C.A.O.F \/SMORL Y CCC\u00a0\u00a0\u00a0\u00a0\u00a0\u00a0\u00a0\u00a0 9 al 13 de Agosto\u00a0 de 1999\u00a0\u00a0\u00a0\u00a0\u00a0\u00a0\u00a0\u00a0\u00a0 Aval del C.M.C.A.O.F con 5 puntos. Aval del C.MORL.C.C.C. con 15 puntos.<\/p><p>19.\u00a0\u00a0<strong>Rehabilitaci\u00f3n en comunicaci\u00f3n humana en el ni\u00f1o\u00a0\u00a0\u00a0\u00a0\u00a0\u00a0\u00a0\u00a0\u00a0 Instituto de seguridad y servicios sociales de los trabajadores del estado<\/strong>\u00a0\u00a0\u00a0 Duraci\u00f3n: 18hrs\u00a0\u00a0\u00a0\u00a0\u00a0\u00a0\u00a0\u00a0\u00a0 5 al 7 de junio del 2000<\/p><p>20.\u00a0\u00a0<strong>Audiolog\u00eda, Otoneurolog\u00eda y foniatr\u00eda Instituto de seguridad y servicios sociales de los trabajadores del estado<\/strong>\u00a0Duraci\u00f3n:\u00a0\u00a0\u00a0\u00a0\u00a0 30hrs\u00a0\u00a0\u00a0\u00a0\u00a0\u00a0\u00a0\u00a0 13 de junio del 2003<\/p><p>21.\u00a0\u00a0<strong>IV Congreso Panamericano de Audiolog\u00eda, XIII Simposio Internacional de Medicina audiol\u00f3gica, IX Simposio de la AMCAOF\u00a0<\/strong>Reuni\u00f3n conjunta de PASA, IAPA, AMCAOF\u00a0\u00a0\u00a0\u00a0\u00a0\u00a0\u00a0\u00a0\u00a0 19 al 22 de marzo del 2006<\/p><p>22.\u00a0\u00a0<strong>Homenaje al Dr. Fernando Romero Fern\u00e1ndez AMCAOF<\/strong>\u00a0\/ INP\u00a0\u00a0\u00a0\u00a0\u00a0\u00a0\u00a0\u00a0\u00a0\u00a0 9 de diciembre de 2017<\/p><p>23.\u00a0\u00a0<strong>XV Simposium Internacional Medicina Basada en Evidencias<\/strong>\u00a0\u00a0\u00a0\u00a0\u00a0\u00a0\u00a0\u00a0 AMCAOF\u00a0\u00a0\u00a0\u00a0\u00a0\u00a0\u00a0\u00a0\u00a0 7 al 10 de marzo de 2018\u00a0\u00a0\u00a0\u00a0 Aval COMCAOF 20ptos. Aval CMORLCCC 45ptos.<\/p><p>24.\u00a0\u00a0<strong>Excelencia cient\u00edfica y multidisciplinaria<\/strong>\u00a0\u00a0\u00a0\u00a0\u00a0\u00a0\u00a0\u00a0\u00a0\u00a0\u00a0 AMCAOF \/ UNAM\u00a0\u00a0\u00a0\u00a0\u00a0\u00a0\u00a0\u00a0\u00a0\u00a0 6 al 9 de marzo de 2019<\/p><p>25.\u00a0\u00a0<strong>Oratoria\u00a0\u00a0<\/strong>\u00a0\u00a0\u00a0\u00a0\u00a0\u00a0\u00a0\u00a0Familia Mexicana, A.C\u00a0\u00a0\u00a0\u00a0\u00a0\u00a0\u00a0\u00a0\u00a0\u00a0\u00a0 17 de enero de 1984<\/p><p>26.\u00a0\u00a0<strong>Seminario de Liderazgo<\/strong>\u00a0\u00a0\u00a0\u00a0\u00a0\u00a0\u00a0\u00a0\u00a0\u00a0 COPARMEX\u00a0\u00a0\u00a0\u00a0\u00a0\u00a0\u00a0\u00a0\u00a0\u00a0\u00a0 febrero de 1987<\/p><p>27.\u00a0\u00a0<strong>Rehabilitaci\u00f3n en Pediatr\u00eda<\/strong>\u00a0\u00a0\u00a0\u00a0\u00a0\u00a0\u00a0\u00a0\u00a0\u00a0 DEPARTAMENTO DEL DISTRITO FEDERAL DIRECCION GENERAL DE SERVICIOS MEDICOS\u00a0\u00a0\u00a0\u00a0\u00a0\u00a0\u00a0\u00a0\u00a0\u00a0\u00a0\u00a0\u00a0 30hrs\u00a0\u00a0\u00a0\u00a0\u00a0\u00a0\u00a0\u00a0\u00a0\u00a0\u00a0 8 de Julio de 1988<\/p><p>28.\u00a0\u00a0<strong>Introducci\u00f3n al manejo de la cavidad oral en ni\u00f1os con da\u00f1o cerebral<\/strong>\u00a0\u00a0\u00a0\u00a0\u00a0\u00a0\u00a0\u00a0\u00a0\u00a0 4 de marzo de 1989<\/p><p>29.\u00a0\u00a0<strong>Actualizaci\u00f3n en rehabilitaci\u00f3n ling\u00fc\u00edstica terapia del lenguaje<\/strong>\u00a0\u00a0\u00a0\u00a0\u00a0\u00a0\u00a0\u00a0\u00a0\u00a0\u00a0 SECRETARIA DE LA DEFENSA NACIONAL HOSPITAL CENTRAL MILITAR\u00a0\u00a0\u00a0\u00a0\u00a0\u00a0\u00a0\u00a0\u00a0\u00a0\u00a0 8 al 11 de julio de 1991<\/p><p>30.\u00a0\u00a0<strong>Congreso Mundial de la salud mental\u00a0\u00a0<\/strong>\u00a0\u00a0\u00a0\u00a0\u00a0\u00a0\u00a0\u00a0\u00a0Congreso mundial\u00a0\u00a0\u00a0\u00a0\u00a0\u00a0\u00a0\u00a0\u00a0\u00a0\u00a0\u00a0 23 de 19991<\/p><p>31.\u00a0\u00a0<strong>VI Curso de audiolog\u00eda y foniatr\u00eda<\/strong>\u00a0\u00a0\u00a0\u00a0\u00a0\u00a0\u00a0\u00a0\u00a0\u00a0\u00a0 INP\u00a0\u00a0\u00a0\u00a0\u00a0\u00a0\u00a0\u00a0\u00a0\u00a0 27, 28, 29, de mayo de 1992<\/p><p>32.\u00a0\u00a0<strong>II Curso de actualizaci\u00f3n en cirug\u00eda de labio y paladar hendido<\/strong>\u00a0\u00a0\u00a0\u00a0\u00a0\u00a0\u00a0\u00a0\u00a0\u00a0\u00a0 HOSPITAL GENERAL DR. MANUEL GEA GONZALES\u00a0\u00a0\u00a0\u00a0\u00a0\u00a0\u00a0\u00a0\u00a0\u00a0 25hrs.\u00a0\u00a0\u00a0\u00a0\u00a0\u00a0\u00a0\u00a0\u00a0\u00a0 2 al 4 de septiembre de 1992<\/p><p>33.\u00a0\u00a0<strong>IV e Encuentro latinoamericano multidisciplinario sobre labio y paladar desfigurados y anomal\u00edas craneofaciales<\/strong>\u00a0\u00a0\u00a0\u00a0\u00a0\u00a0\u00a0\u00a0\u00a0\u00a0\u00a0 8 al 11 de junio de 1994<\/p><p>34.\u00a0\u00a0<strong>Epilepsia un reto social<\/strong>\u00a0\u00a0\u00a0\u00a0\u00a0\u00a0\u00a0 ACADEMIA MEXICANA DE NEUROLOGIA, A.C \/ PROGRAMA PRIORITARIO DE EPILEPSIA \/ PROGRAMA UNIVERSITARIO DE INVESIGACION DE SALUN, UNAM \/ FUNDACION CIBA-GEIGY CONTRA LA EPILEPSIA\u00a0\u00a0\u00a0\u00a0\u00a0\u00a0\u00a0\u00a0\u00a0\u00a0\u00a0\u00a0 10 de junio de 1996<\/p><p>35.\u00a0\u00a0<strong>9\u00b0 Curso de Psiquiatr\u00eda<\/strong>\u00a0\u00a0\u00a0\u00a0\u00a0\u00a0\u00a0\u00a0 HOSPITAL ABC\u00a0\u00a0\u00a0\u00a0\u00a0\u00a0 38hrs.\u00a0\u00a0\u00a0\u00a0\u00a0\u00a0\u00a0\u00a0 18 de septiembre al 30 de octubre 1996<\/p><p>36.\u00a0\u00a0<strong>Experiencias y aprendizajes para padres y maestros de ni\u00f1os sordos<\/strong>\u00a0\u00a0\u00a0\u00a0\u00a0\u00a0\u00a0\u00a0\u00a0\u00a0\u00a0\u00a0 COLEGIO SUPERIOR DE NEUROLINGUISTICA Y PSICOLOGIA Y LA SOCIEDAD MEXICANA DE AUDIOLOGIA Y FONIAFRIA\u00a0\u00a0\u00a0\u00a0\u00a0\u00a0\u00a0 13 al 15 de enero de 1999<\/p><p>37.\u00a0\u00a0<strong>Terapia auditivo verbal<\/strong>\u00a0\u00a0\u00a0\u00a0\u00a0\u00a0\u00a0\u00a0\u00a0\u00a0\u00a0\u00a0\u00a0 AMAOIR \/ INSTITUTO MEXICANO DE OTOLOGIA Y NEUROLOGIA, S.C. \/ AG BELL ACADEMY FOR LISTENING AND SPOKEN LANGUAGE \/ COCHELAR \/ AMCAOF\u00a0\u00a0\u00a0\u00a0\u00a0\u00a0\u00a0\u00a0\u00a0\u00a0\u00a0\u00a0 18 y 19 de mayo de 2018<\/p><p>38.\u00a0\u00a0<strong>International course AMAOIR of auditory-verbal Theraphy<\/strong>\u00a0\u00a0\u00a0\u00a0\u00a0\u00a0\u00a0\u00a0\u00a0\u00a0\u00a0\u00a0 AMAOIR\u00a0\u00a0\u00a0\u00a0\u00a0\u00a0\u00a0\u00a0\u00a0\u00a0\u00a0 18 y 19 de mayo de 2018<\/p><p>39.\u00a0\u00a0<strong>Listening and Spoken Language for children with Hearing Loss: Intervetion Family-Centered Care, and a Case Study<\/strong>\u00a0\u00a0\u00a0\u00a0\u00a0\u00a0\u00a0\u00a0\u00a0\u00a0\u00a0\u00a0\u00a0 a.g.bell\u00a0\u00a0\u00a0\u00a0\u00a0\u00a0\u00a0\u00a0\u00a0\u00a0\u00a0\u00a0\u00a0\u00a0\u00a0\u00a0\u00a0 17 y 18 de mayo del 2019<\/p><p>40.\u00a0\u00a0<strong>2do. Curso internacional t\u00f3picos delectos en lenguaje y aprendizaje<\/strong>\u00a0\u00a0\u00a0\u00a0\u00a0\u00a0\u00a0\u00a0\u00a0\u00a0\u00a0\u00a0 INR\u00a0\u00a0\u00a0\u00a0\u00a0\u00a0\u00a0\u00a0\u00a0 11 al 13 de octubre de 2010<\/p><p>41.\u00a0\u00a0<strong>3er. Curso internacional t\u00f3picos selectos en lenguaje y aprendizaje<\/strong>\u00a0\u00a0\u00a0\u00a0\u00a0\u00a0\u00a0 INR\u00a0\u00a0\u00a0\u00a0\u00a0\u00a0 1 al 3 de octubre 2012 COMCAOF 8 puntos. CMTCH 16 puntos<\/p><p>42.\u00a0\u00a0<strong>3er. Curso internacional t\u00f3picos selectos en lenguaje y aprendizaje<\/strong>\u00a0\u00a0\u00a0\u00a0\u00a0\u00a0\u00a0\u00a0 INR\u00a0\u00a0\u00a0\u00a0\u00a0\u00a0\u00a0 2 de octubre de 2012<\/p><p>43.\u00a0\u00a0<strong>IV Curso internacional de t\u00f3picos selectos en lenguaje y aprendizaje\u00a0\u00a0\u00a0\u00a0\u00a0\u00a0\u00a0\u00a0 INR<\/strong>\u00a0\u00a0\u00a0\u00a0\u00a0\u00a0\u00a0\u00a0\u00a0\u00a0\u00a0\u00a0\u00a0\u00a0\u00a0\u00a0\u00a0\u00a0 6 al 8 de octubre de 2014<\/p><p>44.\u00a0\u00a0<strong>Desorden del procesamiento auditivo central<\/strong>\u00a0\u00a0\u00a0\u00a0\u00a0\u00a0\u00a0\u00a0\u00a0\u00a0 INTERMONTUS \/ AMCAOF Duraci\u00f3n: 20 horas 26 de abril de 2019<\/p><p>45.\u00a0\u00a0<strong>Habilidades del procesamiento auditivo central<\/strong>\u00a0INTERMONTUS \/ AMCAOF\u00a0 21 al 22 de noviembre 2019<\/p><p>46.\u00a0\u00a0<strong>Disfagia orofar\u00edngea en el adulto: fundamentos de rehabilitaci\u00f3n y manejo por el \u00e1rea de foniatr\u00eda y terapia de lenguaje<\/strong>\u00a0\u00a0\u00a0\u00a0\u00a0\u00a0\u00a0\u00a0\u00a0\u00a0\u00a0\u00a0\u00a0\u00a0\u00a0\u00a0\u00a0\u00a0\u00a0\u00a0\u00a0\u00a0\u00a0\u00a0\u00a0\u00a0\u00a0\u00a0 CNJMTCH Duraci\u00f3n: 13 horas \u00a0\u00a0\u00a0\u00a0\u00a0 22 AL 23 de febrero 2020 \u00a0\u00a0 10 puntos Curriculares<\/p><p>47.\u00a0\u00a0<strong>T\u00f3picos selectos de tartamudez<\/strong>\u00a0Asociaci\u00f3n Iberoamericana de tartamudez \/ COMCAOF\/P \u00a0\u00a0\u00a0\u00a0\u00a0 30 de noviembre de 2019 \u00a0\u00a0\u00a0\u00a0\u00a0\u00a0\u00a0\u00a0\u00a0\u00a0\u00a0 5 horas 5 puntos<\/p><p>48.\u00a0\u00a0<strong>Actualizaci\u00f3n en terap\u00e9utica del lenguaje y del aprendizaje<\/strong>\u00a0Petr\u00f3leos Mexicanos Hospital Central Norte del 26 al 28 de octubre de 1994\u00a0<\/p><p>49.\u00a0\u00a0<strong>Aprender a ser Padre<\/strong>\u00a0\u00a0\u00a0\u00a0\u00a0 Petr\u00f3leos Mexicanos Hospital Central Norte\u00a0\u00a0\u00a0\u00a0\u00a0\u00a0\u00a0\u00a0\u00a0\u00a0\u00a0 Duraci\u00f3n: 20 horas \u00a0\u00a0\u00a0\u00a0\u00a0\u00a0\u00a0\u00a0\u00a0\u00a0\u00a0 12, 13 y 14 de junio de 1995 \u00a0<\/p><p>50.\u00a0\u00a0<strong>Curso de afasia<\/strong>\u00a0Direcci\u00f3n Corporativa de Administraci\u00f3n Gerencia de servicios M\u00e9dicos Hospital Central Norte\/ Petr\u00f3leos Mexicanos\u00a0 Duraci\u00f3n: 9 horas \u00a0\u00a0\u00a0 24 al 26 de noviembre de 1998<\/p><p>51.\u00a0\u00a0<strong>Musicoterapia\u00a0<\/strong>\u00a0\u00a0 Petr\u00f3leos Mexicanos\/Gerencia de Servicios M\u00e9dicos Hospital Central sur de Alta Especialidad 16 horas del 4 de septiembre al 2 de octubre de 1998<\/p><p>52.\u00a0\u00a0<strong>Segundo Curso de Epilepsia<\/strong>\u00a0\u00a0\u00a0\u00a0\u00a0\u00a0\u00a0\u00a0 Direcci\u00f3n Corporativa de Administraci\u00f3n Gerencia de Servicios M\u00e9dicos Hospital Central Norte\/Petr\u00f3leos Mexicanos \u00a0\u00a0\u00a0\u00a0\u00a0\u00a0\u00a0\u00a0\u00a0\u00a0\u00a0\u00a0\u00a0\u00a0\u00a0\u00a0\u00a0\u00a0\u00a0\u00a0 7, 8 y 9 de octubre de 1998<\/p><p>53.\u00a0\u00a0<strong>Prevenci\u00f3n del Riesgo Cardiovascular<\/strong>\u00a0\u00a0\u00a0\u00a0\u00a0 Subdirecci\u00f3n Corporativa de Servicios M\u00e9dicos Hospital Central sur de Alta Especialidad\/Petr\u00f3leos Mexicanos del 24 al 28 de mayo de 1999<\/p><p>54.\u00a0\u00a0<strong>Calidad en el servicio el departamento de recursos humanos<\/strong>\u00a0del Hospital Central sur de alta especialidad de Petr\u00f3leos Mexicanos y capacitaci\u00f3n integral y compromisos humanos SC El 25 al 27 de junio del 2007<\/p><p>55.\u00a0\u00a0<strong>Equidad de g\u00e9nero<\/strong>\u00a0Subdirecci\u00f3n de Servicios de Salud Hospital Central sur de Alta Especialidad \/Petr\u00f3leos Mexicanos Duraci\u00f3n:8 horas 24 de septiembre del 2008<\/p><p>56.\u00a0\u00a0<strong>Sensibilizaci\u00f3n Para la Cultura de Donaci\u00f3n de \u00d3rganos y Tejidos<\/strong>\u00a0Hospital Central Sur de Alta Especialidad \/Petr\u00f3leos Mexicanos Duraci\u00f3n:40 horas del 9 al 13 de febrero de 2015<\/p><p>57.\u00a0\u00a0<strong>Lactancia y amamantamiento<\/strong>\u00a0Instituto Nacional de Salud P\u00fablica \/CLIMA\u00a0\u00a0 Duraci\u00f3n: 40 horas 4 cr\u00e9ditos acad\u00e9micos 13 de agosto de 2017<\/p><p>58.\u00a0\u00a0<strong>Protocolo durante la asistencia COVID 19<\/strong>\u00a0\u00a0\u00a0\u00a0\u00a0\u00a0\u00a0\u00a0\u00a0\u00a0\u00a0\u00a0\u00a0\u00a0 Gobierno de M\u00e9xico \/Petr\u00f3leos Mexicanos 24 al 25 de abril de 2020<\/p><p>59.\u00a0\u00a0<strong>Sustento te\u00f3rico-pr\u00e1ctico de la tele-pr\u00e1ctica en el campo de la audici\u00f3n y el lenguaje<\/strong>\u00a0Asociaci\u00f3n Mexicana de Terapeutas en Comunicaci\u00f3n Humana AC Duraci\u00f3n:2 horas 30 minutos 17 de abril del 2020<\/p><p>60.\u00a0\u00a0<strong>Tele-pr\u00e1ctica An\u00e1lisis y Planeaci\u00f3n de una Sesi\u00f3n<\/strong>\u00a0\u00a0\u00a0\u00a0\u00a0\u00a0\u00a0\u00a0\u00a0\u00a0\u00a0\u00a0\u00a0\u00a0 Asociaci\u00f3n Mexicana de Terapeutas en Comunicaci\u00f3n Humana AC Duraci\u00f3n: 1 hora 35 minutos \u00a0\u00a0\u00a0\u00a0\u00a0\u00a0 24 de abril de 2020<\/p><p>61.\u00a0\u00a0<strong>Introducci\u00f3n al Programa de Estimulaci\u00f3n Integral del lenguaje PEIL<\/strong>\u00a0Asociaci\u00f3n Mexicana de Terapeutas en Comunicaci\u00f3n Humana Duraci\u00f3n:1 hora 20 minutos \u00a0\u00a0\u00a0\u00a0 19 de mayo del 2020<\/p><p>62.\u00a0\u00a0<strong>Ac\u00fastica Aplicada al Lenguaje<\/strong>\u00a0\u00a0\u00a0\u00a0\u00a0 Asociaci\u00f3n Mexicana de Terapistas en Comunicaci\u00f3n Humana AC\u00a0\u00a0\u00a0\u00a0\u00a0\u00a0\u00a0\u00a0 Duraci\u00f3n: 2 horas 30 minutos 25 de mayo de 2020<\/p><p>63.\u00a0\u00a0<strong>\u00c1mbito Legal para Terapeutas en Comunicaci\u00f3n Humana<\/strong>\u00a0Asociaci\u00f3n Mexicana de Terapistas en Comunicaci\u00f3n Humana AC Duraci\u00f3n: 1 hora 35 minutos \u00a0\u00a0\u00a0\u00a0\u00a0\u00a0\u00a0 01 de mayo del 2020<\/p><p>64.\u00a0\u00a0<strong>Problemas del Lenguaje Aprendizaje Language learning disabilities<\/strong>\u00a0Asociaci\u00f3n Mexicana de Terapistas en Comunicaci\u00f3n Humana AC Duraci\u00f3n:1 hora 20 minutos\u00a0 03 de julio de 2020<\/p><p>65.\u00a0\u00a0<strong>Funcionalidad de la mano y la ense\u00f1anza de la escritura<\/strong>\u00a0Asociaci\u00f3n Mexicana de Terapistas en Comunicaci\u00f3n Humana AC Duraci\u00f3n:1 hora 20 minutos \u00a0\u00a0\u00a0\u00a0\u00a0\u00a0\u00a0\u00a0\u00a0 17 de julio del 2020<\/p><p>66.\u00a0\u00a0<strong>Primera Sesi\u00f3n Ordinaria y Curso de Educaci\u00f3n Terap\u00e9utica Continua<\/strong>\u00a0Asociaci\u00f3n Mexicana de Terapistas en Comunicaci\u00f3n Humana AC \u00a024 de julio de 2020<\/p><p>67.\u00a0\u00a0<strong>Procesamiento Auditivo Central y Lenguaje<\/strong>\u00a0Asociaci\u00f3n Mexicana de Terapistas en Comunicaci\u00f3n Humana AC 01 de junio de 2020<\/p><p>68.\u00a0\u00a0<strong>Disfluencias Verbales en Logopedia<\/strong>\u00a0Asociaci\u00f3n Mexicana de Terapistas en Comunicaci\u00f3n Humana AC \u00a0\u00a0\u00a0\u00a0\u00a0\u00a0\u00a0\u00a0\u00a0\u00a0 Duraci\u00f3n: 1 hora 20 minutos 5 de junio de 2020<\/p><p>69.\u00a0\u00a0<strong>La educaci\u00f3n Inclusiva y Su Relaci\u00f3n con los Servicios Terap\u00e9uticos<\/strong>\u00a0Asociaci\u00f3n Mexicana de Terapistas en Comunicaci\u00f3n Humana AC Duraci\u00f3n: 1 hora 20 minutos \u00a0\u00a0\u00a0\u00a0\u00a0\u00a0\u00a0\u00a0\u00a0\u00a0\u00a0\u00a0\u00a0\u00a0 \u00a0\u00a0\u00a0\u00a0\u00a09 de junio de 2020<\/p><p>70.\u00a0\u00a0<strong>Estimulaci\u00f3n neuro auditiva<\/strong>\u00a0Asociaci\u00f3n Mexicana de Terapistas en Comunicaci\u00f3n Humana AC 15 de junio de 2020<\/p><p>71.\u00a0\u00a0<strong>La Hipoacusia Infantil en Tiempos de COVID 19<\/strong>\u00a0La Asociaci\u00f3n Mexicana de Comunicaci\u00f3n Audiolog\u00eda Otoneurolog\u00eda y Foniatr\u00eda AC\/ AMCAOF 2 de mayo del 2020\u00a0<\/p><p>72.\u00a0\u00a0<strong>La relaci\u00f3n con otros contextos a la distancia: escuela audiolog\u00eda y otras \u00e1reas implicadas<\/strong>\u00a0Seminario Web Oticon Medical Latinoam\u00e9rica Duraci\u00f3n:1 hora 12 de mayo del 2020<\/p><p>73.\u00a0\u00a0<strong>Retos y soluciones de la tele pr\u00e1ctica la experiencia de m\u00e1s de 10 a\u00f1os\u00a0<\/strong>Seminario Web Oticon Medical Latinoam\u00e9rica Duraci\u00f3n:1 hora \u00a0\u00a0\u00a0\u00a0\u00a0\u00a0\u00a0\u00a0\u00a0\u00a0 19 de mayo de 2020<\/p><p>74.\u00a0\u00a0<strong>Evaluaci\u00f3n de la percepci\u00f3n del habla en ni\u00f1os candidatos o usuarios de implante coclear\u00a0<\/strong>COCHLEAR 4 de febrero de 2019<\/p><p>75.\u00a0\u00a0<strong>Precursores de la comunicaci\u00f3n juegos y lenguaje en ni\u00f1os hipoac\u00fasicos<\/strong>\u00a0COCHLEAR 10 de agosto de 2020<\/p><p>76.\u00a0\u00a0<strong>Disfagia Pedi\u00e1trica y Neonatal Diagn\u00f3stico y Rehabilitaci\u00f3n<\/strong>\u00a0REDAC\u00a0\u00a0\u00a0\u00a0\u00a0\u00a0\u00a0\u00a0\u00a0\u00a0\u00a0\u00a0\u00a0 Duraci\u00f3n: 2 horas 11 de agosto de 2020<\/p><p><strong>\u00a0<\/strong><\/p><\/td><\/tr><\/tbody><\/table>\t\t\t\t\t\t<\/div>\n\t\t\t\t<\/div>\n\t\t\t\t\t<\/div>\n\t\t<\/div>\n\t\t\t\t\t\t\t<\/div>\n\t\t<\/section>\n\t\t\t\t\t\t\t<\/div>\n\t\t","protected":false},"excerpt":{"rendered":"<p>EDUCACI\u00d3N Instituto Mexicano de Audici\u00f3n y Lenguaje (IMAL) 1987 &#8211; 1991 Licenciatura en la Terapia de la Audici\u00f3n, la Voz y el Lenguaje Oral y Escrito Menci\u00f3n honor\u00edfica por excelente promedio as\u00ed como por el desempe\u00f1o en el trabajo recepcional. C\u00e9dula Profesional: 2049435 Centro Empresarial Gestalt de Excelencia en Capacitaci\u00f3n y Consultor\u00eda 1998 &#8211; 1999 &hellip;<\/p>\n<p class=\"read-more\"> <a class=\"\" href=\"https:\/\/terapeutadelenguaje.com\/?p=219\"> <span class=\"screen-reader-text\">Lic Laura Helena Torres D\u00edaz<\/span> Leer m\u00e1s &raquo;<\/a><\/p>\n","protected":false},"author":1,"featured_media":0,"comment_status":"closed","ping_status":"closed","sticky":false,"template":"","format":"standard","meta":{"site-sidebar-layout":"default","site-content-layout":"","ast-site-content-layout":"","site-content-style":"default","site-sidebar-style":"default","ast-global-header-display":"","ast-banner-title-visibility":"","ast-main-header-display":"","ast-hfb-above-header-display":"","ast-hfb-below-header-display":"","ast-hfb-mobile-header-display":"","site-post-title":"","ast-breadcrumbs-content":"","ast-featured-img":"","footer-sml-layout":"","theme-transparent-header-meta":"","adv-header-id-meta":"","stick-header-meta":"","header-above-stick-meta":"","header-main-stick-meta":"","header-below-stick-meta":"","astra-migrate-meta-layouts":"","_joinchat":[],"footnotes":""},"categories":[1],"tags":[],"class_list":["post-219","post","type-post","status-publish","format-standard","hentry","category-uncategorized"],"_links":{"self":[{"href":"https:\/\/terapeutadelenguaje.com\/index.php?rest_route=\/wp\/v2\/posts\/219"}],"collection":[{"href":"https:\/\/terapeutadelenguaje.com\/index.php?rest_route=\/wp\/v2\/posts"}],"about":[{"href":"https:\/\/terapeutadelenguaje.com\/index.php?rest_route=\/wp\/v2\/types\/post"}],"author":[{"embeddable":true,"href":"https:\/\/terapeutadelenguaje.com\/index.php?rest_route=\/wp\/v2\/users\/1"}],"replies":[{"embeddable":true,"href":"https:\/\/terapeutadelenguaje.com\/index.php?rest_route=%2Fwp%2Fv2%2Fcomments&post=219"}],"version-history":[{"count":23,"href":"https:\/\/terapeutadelenguaje.com\/index.php?rest_route=\/wp\/v2\/posts\/219\/revisions"}],"predecessor-version":[{"id":1857,"href":"https:\/\/terapeutadelenguaje.com\/index.php?rest_route=\/wp\/v2\/posts\/219\/revisions\/1857"}],"wp:attachment":[{"href":"https:\/\/terapeutadelenguaje.com\/index.php?rest_route=%2Fwp%2Fv2%2Fmedia&parent=219"}],"wp:term":[{"taxonomy":"category","embeddable":true,"href":"https:\/\/terapeutadelenguaje.com\/index.php?rest_route=%2Fwp%2Fv2%2Fcategories&post=219"},{"taxonomy":"post_tag","embeddable":true,"href":"https:\/\/terapeutadelenguaje.com\/index.php?rest_route=%2Fwp%2Fv2%2Ftags&post=219"}],"curies":[{"name":"wp","href":"https:\/\/api.w.org\/{rel}","templated":true}]}}