{"id":241,"date":"2022-12-21T03:43:25","date_gmt":"2022-12-21T03:43:25","guid":{"rendered":"https:\/\/terapeutadelenguaje.com\/?p=241"},"modified":"2025-08-26T02:23:07","modified_gmt":"2025-08-26T02:23:07","slug":"lic-andrea-fabiola-del-real-rico","status":"publish","type":"post","link":"https:\/\/terapeutadelenguaje.com\/?p=241","title":{"rendered":"Lic Andrea Fabiola del Real Rico"},"content":{"rendered":"\t\t<div data-elementor-type=\"wp-post\" data-elementor-id=\"241\" class=\"elementor elementor-241\">\n\t\t\t\t\t\t\t\t\t<section class=\"elementor-section elementor-top-section elementor-element elementor-element-6378402 elementor-section-boxed elementor-section-height-default elementor-section-height-default\" data-id=\"6378402\" data-element_type=\"section\">\n\t\t\t\t\t\t<div class=\"elementor-container elementor-column-gap-default\">\n\t\t\t\t\t<div class=\"elementor-column elementor-col-50 elementor-top-column elementor-element elementor-element-58872cd\" data-id=\"58872cd\" data-element_type=\"column\">\n\t\t\t<div class=\"elementor-widget-wrap elementor-element-populated\">\n\t\t\t\t\t\t\t\t<div class=\"elementor-element elementor-element-2bd409c elementor-widget elementor-widget-text-editor\" data-id=\"2bd409c\" data-element_type=\"widget\" data-widget_type=\"text-editor.default\">\n\t\t\t\t<div class=\"elementor-widget-container\">\n\t\t\t<style>\/*! elementor - v3.16.0 - 20-09-2023 *\/\n.elementor-widget-text-editor.elementor-drop-cap-view-stacked .elementor-drop-cap{background-color:#69727d;color:#fff}.elementor-widget-text-editor.elementor-drop-cap-view-framed .elementor-drop-cap{color:#69727d;border:3px solid;background-color:transparent}.elementor-widget-text-editor:not(.elementor-drop-cap-view-default) .elementor-drop-cap{margin-top:8px}.elementor-widget-text-editor:not(.elementor-drop-cap-view-default) .elementor-drop-cap-letter{width:1em;height:1em}.elementor-widget-text-editor .elementor-drop-cap{float:left;text-align:center;line-height:1;font-size:50px}.elementor-widget-text-editor .elementor-drop-cap-letter{display:inline-block}<\/style>\t\t\t\t<h1>Educaci\u00f3n<\/h1><ul><li>Licenciatura en pedagog\u00eda En la Universidad Tecnol\u00f3gica de M\u00e9xico.<\/li><\/ul><p>reconocimiento acad\u00e9mico por mejor promedi\u00f3 de generaci\u00f3n.<\/p><p>Especialidad en psicopedagog\u00eda y problema de aprendizaje (En Curso<\/p><ul><li>Terapeuta de lenguaje, audici\u00f3n y aprendizaje<\/li><li>Diploma en:<\/li><\/ul><p>Primeros auxilios para ni\u00f1os y adultos.<\/p><p>Inovacion de m\u00e9todos de aprendizaje.<\/p><p>Transtornos de lenguaje.<\/p><p>Rehabilitaci\u00f3n para adultos ensordecidos.<\/p><ul><li>Reconocimiento por Instituto Mexicano de la Audici\u00f3n y Lenguaje<\/li><\/ul><h1>Experiencia<\/h1><p><strong><em>RECREATIVO LUAN <\/em><\/strong><\/p><p>Maestra para ni\u00f1os con problemas de aprendizaje y lenguaje.<\/p><h2>Instituto Bertha Con Glumer<\/h2><h2>Maestra titular de ni\u00f1os de prescolar.<\/h2><p><strong>Terapia de lenguaje del Sur<\/strong><\/p><p>Terapeuta de lenguaje, audici\u00f3n y aprendizaje.<\/p>\t\t\t\t\t\t<\/div>\n\t\t\t\t<\/div>\n\t\t\t\t\t<\/div>\n\t\t<\/div>\n\t\t\t\t<div class=\"elementor-column elementor-col-50 elementor-top-column elementor-element elementor-element-cf2ef4f\" data-id=\"cf2ef4f\" data-element_type=\"column\">\n\t\t\t<div class=\"elementor-widget-wrap elementor-element-populated\">\n\t\t\t\t\t\t\t\t<div class=\"elementor-element elementor-element-07c0ae8 elementor-widget elementor-widget-image\" data-id=\"07c0ae8\" data-element_type=\"widget\" data-widget_type=\"image.default\">\n\t\t\t\t<div class=\"elementor-widget-container\">\n\t\t\t<style>\/*! elementor - v3.16.0 - 20-09-2023 *\/\n.elementor-widget-image{text-align:center}.elementor-widget-image a{display:inline-block}.elementor-widget-image a img[src$=\".svg\"]{width:48px}.elementor-widget-image img{vertical-align:middle;display:inline-block}<\/style>\t\t\t\t\t\t\t\t\t\t\t\t<img loading=\"lazy\" decoding=\"async\" width=\"345\" height=\"470\" src=\"https:\/\/terapeutadelenguaje.com\/wp-content\/uploads\/2022\/12\/Andrea-1.jpg\" class=\"attachment-large size-large wp-image-215\" alt=\"\" srcset=\"https:\/\/terapeutadelenguaje.com\/wp-content\/uploads\/2022\/12\/Andrea-1.jpg 345w, https:\/\/terapeutadelenguaje.com\/wp-content\/uploads\/2022\/12\/Andrea-1-220x300.jpg 220w\" sizes=\"(max-width: 345px) 100vw, 345px\" \/>\t\t\t\t\t\t\t\t\t\t\t\t\t\t\t<\/div>\n\t\t\t\t<\/div>\n\t\t\t\t<div class=\"elementor-element elementor-element-1b39a43 elementor-widget elementor-widget-text-editor\" data-id=\"1b39a43\" data-element_type=\"widget\" data-widget_type=\"text-editor.default\">\n\t\t\t\t<div class=\"elementor-widget-container\">\n\t\t\t\t\t\t\t<h2 style=\"text-align: center;\"><strong>Atenci\u00f3n remota y presencial<\/strong><\/h2>\t\t\t\t\t\t<\/div>\n\t\t\t\t<\/div>\n\t\t\t\t<div class=\"elementor-element elementor-element-f193712 elementor-widget elementor-widget-heading\" data-id=\"f193712\" data-element_type=\"widget\" data-widget_type=\"heading.default\">\n\t\t\t\t<div class=\"elementor-widget-container\">\n\t\t\t<style>\/*! elementor - v3.16.0 - 20-09-2023 *\/\n.elementor-heading-title{padding:0;margin:0;line-height:1}.elementor-widget-heading .elementor-heading-title[class*=elementor-size-]>a{color:inherit;font-size:inherit;line-height:inherit}.elementor-widget-heading .elementor-heading-title.elementor-size-small{font-size:15px}.elementor-widget-heading .elementor-heading-title.elementor-size-medium{font-size:19px}.elementor-widget-heading .elementor-heading-title.elementor-size-large{font-size:29px}.elementor-widget-heading .elementor-heading-title.elementor-size-xl{font-size:39px}.elementor-widget-heading .elementor-heading-title.elementor-size-xxl{font-size:59px}<\/style><h2 class=\"elementor-heading-title elementor-size-default\">Tel y Whats App: 5587964171<\/h2>\t\t<\/div>\n\t\t\t\t<\/div>\n\t\t\t\t\t<\/div>\n\t\t<\/div>\n\t\t\t\t\t\t\t<\/div>\n\t\t<\/section>\n\t\t\t\t\t\t\t<\/div>\n\t\t","protected":false},"excerpt":{"rendered":"<p>Educaci\u00f3n Licenciatura en pedagog\u00eda En la Universidad Tecnol\u00f3gica de M\u00e9xico. reconocimiento acad\u00e9mico por mejor promedi\u00f3 de generaci\u00f3n. Especialidad en psicopedagog\u00eda y problema de aprendizaje (En Curso Terapeuta de lenguaje, audici\u00f3n y aprendizaje Diploma en: Primeros auxilios para ni\u00f1os y adultos. Inovacion de m\u00e9todos de aprendizaje. Transtornos de lenguaje. Rehabilitaci\u00f3n para adultos ensordecidos. Reconocimiento por Instituto &hellip;<\/p>\n<p class=\"read-more\"> <a class=\"\" href=\"https:\/\/terapeutadelenguaje.com\/?p=241\"> <span class=\"screen-reader-text\">Lic Andrea Fabiola del Real Rico<\/span> Leer m\u00e1s &raquo;<\/a><\/p>\n","protected":false},"author":1,"featured_media":0,"comment_status":"closed","ping_status":"closed","sticky":false,"template":"","format":"standard","meta":{"site-sidebar-layout":"default","site-content-layout":"","ast-site-content-layout":"","site-content-style":"default","site-sidebar-style":"default","ast-global-header-display":"","ast-banner-title-visibility":"","ast-main-header-display":"","ast-hfb-above-header-display":"","ast-hfb-below-header-display":"","ast-hfb-mobile-header-display":"","site-post-title":"","ast-breadcrumbs-content":"","ast-featured-img":"","footer-sml-layout":"","theme-transparent-header-meta":"","adv-header-id-meta":"","stick-header-meta":"","header-above-stick-meta":"","header-main-stick-meta":"","header-below-stick-meta":"","astra-migrate-meta-layouts":"","_joinchat":[],"footnotes":""},"categories":[1],"tags":[],"class_list":["post-241","post","type-post","status-publish","format-standard","hentry","category-uncategorized"],"_links":{"self":[{"href":"https:\/\/terapeutadelenguaje.com\/index.php?rest_route=\/wp\/v2\/posts\/241"}],"collection":[{"href":"https:\/\/terapeutadelenguaje.com\/index.php?rest_route=\/wp\/v2\/posts"}],"about":[{"href":"https:\/\/terapeutadelenguaje.com\/index.php?rest_route=\/wp\/v2\/types\/post"}],"author":[{"embeddable":true,"href":"https:\/\/terapeutadelenguaje.com\/index.php?rest_route=\/wp\/v2\/users\/1"}],"replies":[{"embeddable":true,"href":"https:\/\/terapeutadelenguaje.com\/index.php?rest_route=%2Fwp%2Fv2%2Fcomments&post=241"}],"version-history":[{"count":11,"href":"https:\/\/terapeutadelenguaje.com\/index.php?rest_route=\/wp\/v2\/posts\/241\/revisions"}],"predecessor-version":[{"id":1927,"href":"https:\/\/terapeutadelenguaje.com\/index.php?rest_route=\/wp\/v2\/posts\/241\/revisions\/1927"}],"wp:attachment":[{"href":"https:\/\/terapeutadelenguaje.com\/index.php?rest_route=%2Fwp%2Fv2%2Fmedia&parent=241"}],"wp:term":[{"taxonomy":"category","embeddable":true,"href":"https:\/\/terapeutadelenguaje.com\/index.php?rest_route=%2Fwp%2Fv2%2Fcategories&post=241"},{"taxonomy":"post_tag","embeddable":true,"href":"https:\/\/terapeutadelenguaje.com\/index.php?rest_route=%2Fwp%2Fv2%2Ftags&post=241"}],"curies":[{"name":"wp","href":"https:\/\/api.w.org\/{rel}","templated":true}]}}