{"id":2620,"date":"2025-12-18T20:40:50","date_gmt":"2025-12-18T20:40:50","guid":{"rendered":"https:\/\/terapeutadelenguaje.com\/?p=2620"},"modified":"2025-12-18T20:50:37","modified_gmt":"2025-12-18T20:50:37","slug":"lic-gloria-beatriz-sanchez-romero","status":"publish","type":"post","link":"https:\/\/terapeutadelenguaje.com\/?p=2620","title":{"rendered":"Lic. Gloria Beatriz S\u00e1nchez Romero"},"content":{"rendered":"\t\t<div data-elementor-type=\"wp-post\" data-elementor-id=\"2620\" class=\"elementor elementor-2620\">\n\t\t\t\t\t\t\t\t\t<section class=\"elementor-section elementor-top-section elementor-element elementor-element-98e02e5 elementor-section-boxed elementor-section-height-default elementor-section-height-default\" data-id=\"98e02e5\" data-element_type=\"section\">\n\t\t\t\t\t\t<div class=\"elementor-container elementor-column-gap-default\">\n\t\t\t\t\t<div class=\"elementor-column elementor-col-50 elementor-top-column elementor-element elementor-element-ea1c642\" data-id=\"ea1c642\" data-element_type=\"column\">\n\t\t\t<div class=\"elementor-widget-wrap elementor-element-populated\">\n\t\t\t\t\t\t\t\t<div class=\"elementor-element elementor-element-b25efa6 elementor-widget elementor-widget-text-editor\" data-id=\"b25efa6\" data-element_type=\"widget\" data-widget_type=\"text-editor.default\">\n\t\t\t\t<div class=\"elementor-widget-container\">\n\t\t\t<style>\/*! elementor - v3.16.0 - 20-09-2023 *\/\n.elementor-widget-text-editor.elementor-drop-cap-view-stacked .elementor-drop-cap{background-color:#69727d;color:#fff}.elementor-widget-text-editor.elementor-drop-cap-view-framed .elementor-drop-cap{color:#69727d;border:3px solid;background-color:transparent}.elementor-widget-text-editor:not(.elementor-drop-cap-view-default) .elementor-drop-cap{margin-top:8px}.elementor-widget-text-editor:not(.elementor-drop-cap-view-default) .elementor-drop-cap-letter{width:1em;height:1em}.elementor-widget-text-editor .elementor-drop-cap{float:left;text-align:center;line-height:1;font-size:50px}.elementor-widget-text-editor .elementor-drop-cap-letter{display:inline-block}<\/style>\t\t\t\t<p>Estudios:\u00a0\u00a0\u00a0 \u00a0 \u00a0 \u00a0 \u00a0<\/p><p><strong>Lic. en la terapia de la audici\u00f3n, la voz, el lenguaje oral y escrito. <\/strong><\/p><p>Especialidad:\u00a0 \u00a0 \u00a0 \u00a0<\/p><p><strong>psicomotricidad, grafomotricidad y relajaci\u00f3n <\/strong><\/p><p>Cedula profesional:<\/p><p><strong>6825279<\/strong><\/p><p>\u00a0Email:<\/p><p><strong>beatrizsr68@gmail.com;\u00a0 <\/strong><\/p><p><strong>beatrizsr@hotmail.com \u00a0 <\/strong><\/p><p>Consultorio:<\/p><p><strong>Av. Ermita #576 Col. San Jos\u00e9 La Pilita C.P. 52149.<\/strong><\/p><p><strong>Metepec, Edo. Mex.<\/strong><\/p>\t\t\t\t\t\t<\/div>\n\t\t\t\t<\/div>\n\t\t\t\t\t<\/div>\n\t\t<\/div>\n\t\t\t\t<div class=\"elementor-column elementor-col-50 elementor-top-column elementor-element elementor-element-9066658\" data-id=\"9066658\" data-element_type=\"column\">\n\t\t\t<div class=\"elementor-widget-wrap elementor-element-populated\">\n\t\t\t\t\t\t\t\t<div class=\"elementor-element elementor-element-7c36d0a elementor-widget elementor-widget-image\" data-id=\"7c36d0a\" data-element_type=\"widget\" data-widget_type=\"image.default\">\n\t\t\t\t<div class=\"elementor-widget-container\">\n\t\t\t<style>\/*! elementor - v3.16.0 - 20-09-2023 *\/\n.elementor-widget-image{text-align:center}.elementor-widget-image a{display:inline-block}.elementor-widget-image a img[src$=\".svg\"]{width:48px}.elementor-widget-image img{vertical-align:middle;display:inline-block}<\/style>\t\t\t\t\t\t\t\t\t\t\t\t<img loading=\"lazy\" decoding=\"async\" width=\"293\" height=\"301\" src=\"https:\/\/terapeutadelenguaje.com\/wp-content\/uploads\/2025\/12\/Gloria-Beatris-Sanchez-Romero.png\" class=\"attachment-large size-large wp-image-2615\" alt=\"\" \/>\t\t\t\t\t\t\t\t\t\t\t\t\t\t\t<\/div>\n\t\t\t\t<\/div>\n\t\t\t\t<div class=\"elementor-element elementor-element-18bfdd9 elementor-widget elementor-widget-heading\" data-id=\"18bfdd9\" data-element_type=\"widget\" data-widget_type=\"heading.default\">\n\t\t\t\t<div class=\"elementor-widget-container\">\n\t\t\t<style>\/*! elementor - v3.16.0 - 20-09-2023 *\/\n.elementor-heading-title{padding:0;margin:0;line-height:1}.elementor-widget-heading .elementor-heading-title[class*=elementor-size-]>a{color:inherit;font-size:inherit;line-height:inherit}.elementor-widget-heading .elementor-heading-title.elementor-size-small{font-size:15px}.elementor-widget-heading .elementor-heading-title.elementor-size-medium{font-size:19px}.elementor-widget-heading .elementor-heading-title.elementor-size-large{font-size:29px}.elementor-widget-heading .elementor-heading-title.elementor-size-xl{font-size:39px}.elementor-widget-heading .elementor-heading-title.elementor-size-xxl{font-size:59px}<\/style><h2 class=\"elementor-heading-title elementor-size-default\">Atencion remota y presencial<\/h2>\t\t<\/div>\n\t\t\t\t<\/div>\n\t\t\t\t<div class=\"elementor-element elementor-element-99c3763 elementor-widget elementor-widget-heading\" data-id=\"99c3763\" data-element_type=\"widget\" data-widget_type=\"heading.default\">\n\t\t\t\t<div class=\"elementor-widget-container\">\n\t\t\t<h2 class=\"elementor-heading-title elementor-size-default\">Tel y Whats App:\n\n55 22 60 74 74 <\/h2>\t\t<\/div>\n\t\t\t\t<\/div>\n\t\t\t\t\t<\/div>\n\t\t<\/div>\n\t\t\t\t\t\t\t<\/div>\n\t\t<\/section>\n\t\t\t\t<section class=\"elementor-section elementor-top-section elementor-element elementor-element-a98abf8 elementor-section-boxed elementor-section-height-default elementor-section-height-default\" data-id=\"a98abf8\" data-element_type=\"section\">\n\t\t\t\t\t\t<div class=\"elementor-container elementor-column-gap-default\">\n\t\t\t\t\t<div class=\"elementor-column elementor-col-100 elementor-top-column elementor-element elementor-element-11d8924\" data-id=\"11d8924\" data-element_type=\"column\">\n\t\t\t<div class=\"elementor-widget-wrap elementor-element-populated\">\n\t\t\t\t\t\t\t\t<div class=\"elementor-element elementor-element-60d33db elementor-widget elementor-widget-heading\" data-id=\"60d33db\" data-element_type=\"widget\" data-widget_type=\"heading.default\">\n\t\t\t\t<div class=\"elementor-widget-container\">\n\t\t\t<h2 class=\"elementor-heading-title elementor-size-default\">Resumen de actividades<\/h2>\t\t<\/div>\n\t\t\t\t<\/div>\n\t\t\t\t<div class=\"elementor-element elementor-element-5c5327e elementor-widget elementor-widget-text-editor\" data-id=\"5c5327e\" data-element_type=\"widget\" data-widget_type=\"text-editor.default\">\n\t\t\t\t<div class=\"elementor-widget-container\">\n\t\t\t\t\t\t\t<ul><li style=\"text-align: center;\"><strong> en la terapia de la audici\u00f3n, la voz, el lenguaje oral y escrito. C\u00e9dula Prof. 6825279.<\/strong><\/li><li>Especialidad de psicomotricidad, grafomotricidad y relajaci\u00f3n (2012-2014).<\/li><li>Miembro de la Asociaci\u00f3n Mexicana de Terapeutas en Comunicaci\u00f3n Humana. No. Asociado 202007177.<\/li><li>Formaci\u00f3n profesional en Mindfulness, Compasi\u00f3n y Comunicaci\u00f3n No violenta; Balance Emocional en medio de las Crisis; Desarrollo de Habilidades Socio emocionales en ni\u00f1os y adolescentes en Instituto de Ciencias para el Florecimiento Humano (2020-2023). SEP 234509CIFE<\/li><li>Constancia de Gu\u00eda Montessori \u201cCasa de ni\u00f1os\u201d Febrero 2025.<\/li><li>31 a\u00f1os en la rehabilitaci\u00f3n de pacientes problemas de articulaci\u00f3n, retardo en la adquisici\u00f3n del lenguaje, problemas de aprendizaje (lenguaje oral y escrito) y pacientes con alteraciones neurol\u00f3gicas como los af\u00e1sicos a consecuencia de un Accidente Cerebro Vascular (ACV) que se quedan sin lenguaje.<\/li><\/ul><ul><li>Experiencia en la aplicaci\u00f3n de pruebas psicoling\u00fc\u00edsticas, psicom\u00e9tricas y psicomotrices.<\/li><li>Docente en diversas instituciones educativas en Metepec, Edo. Mex por mis resultados profesionales en: Forger, Colegio Terranova, IPEFH aeropuerto, Colegio Valle de Filadelfia, Balance Cube, Educare, Colegio H\u00e1bitat, Liceo Holand\u00e9s, Instituto Americano Metepec Montessori, Montessori de Metepec primaria, Balance Cube.<\/li><li>Orientaci\u00f3n a los familiares de los pacientes en los trastornos antes mencionados.<\/li><li>Experiencia profesional y docente en psicomotricidad, estimulaci\u00f3n temprana y grafomotricidad.<\/li><\/ul><ul><li>Rehabilitaci\u00f3n en pacientes con Trastornos en el Procesamiento Auditivo Central, agosto 2020. En l\u00ednea.<\/li><li>Rehabilitaci\u00f3n Fisiol\u00f3gica de la voz, septiembre 2020. En l\u00ednea.<\/li><li>Consultorio particular desde 1994 a la fecha.<\/li><\/ul><ul><li><strong>Docente Universidad la Salle de M\u00e9xico e IMAL<\/strong>. Materia : Clasificaci\u00f3n y etiolog\u00eda de los problemas del Lenguaje, impartida a los estudiantes de: Lic. en la audici\u00f3n, la voz, el lenguaje oral y escrito. Primer a\u00f1o, segundo semestre, agosto 2007 a agosto 2010.<\/li><\/ul><ul><li>\u00a0<strong style=\"font-style: inherit;\">Otros estudios<\/strong><\/li><\/ul><p><strong>\u00a0\u201cEl Cerebro del ni\u00f1o\u201d en el Instituto de Neurociencias Aplicadas al Desarrollo (INAD). Octubre<\/strong> 2019 a la fecha<strong>. <\/strong>En l\u00ednea<strong>.<\/strong><\/p><ul><li>M\u00e9todo Verbotonal para la educaci\u00f3n del sordo y la terapia del lenguaje. 1995 a<\/li><\/ul>\t\t\t\t\t\t<\/div>\n\t\t\t\t<\/div>\n\t\t\t\t\t<\/div>\n\t\t<\/div>\n\t\t\t\t\t\t\t<\/div>\n\t\t<\/section>\n\t\t\t\t\t\t\t<\/div>\n\t\t","protected":false},"excerpt":{"rendered":"<p>Estudios:\u00a0\u00a0\u00a0 \u00a0 \u00a0 \u00a0 \u00a0 Lic. en la terapia de la audici\u00f3n, la voz, el lenguaje oral y escrito. Especialidad:\u00a0 \u00a0 \u00a0 \u00a0 psicomotricidad, grafomotricidad y relajaci\u00f3n Cedula profesional: 6825279 \u00a0Email: beatrizsr68@gmail.com;\u00a0 beatrizsr@hotmail.com \u00a0 Consultorio: Av. Ermita #576 Col. San Jos\u00e9 La Pilita C.P. 52149. Metepec, Edo. Mex. Atencion remota y presencial Tel y Whats &hellip;<\/p>\n<p class=\"read-more\"> <a class=\"\" href=\"https:\/\/terapeutadelenguaje.com\/?p=2620\"> <span class=\"screen-reader-text\">Lic. Gloria Beatriz S\u00e1nchez Romero<\/span> Leer m\u00e1s &raquo;<\/a><\/p>\n","protected":false},"author":1,"featured_media":0,"comment_status":"open","ping_status":"open","sticky":false,"template":"","format":"standard","meta":{"site-sidebar-layout":"default","site-content-layout":"","ast-site-content-layout":"default","site-content-style":"default","site-sidebar-style":"default","ast-global-header-display":"","ast-banner-title-visibility":"","ast-main-header-display":"","ast-hfb-above-header-display":"","ast-hfb-below-header-display":"","ast-hfb-mobile-header-display":"","site-post-title":"","ast-breadcrumbs-content":"","ast-featured-img":"","footer-sml-layout":"","theme-transparent-header-meta":"","adv-header-id-meta":"","stick-header-meta":"","header-above-stick-meta":"","header-main-stick-meta":"","header-below-stick-meta":"","astra-migrate-meta-layouts":"set","_joinchat":[],"footnotes":""},"categories":[1],"tags":[],"class_list":["post-2620","post","type-post","status-publish","format-standard","hentry","category-uncategorized"],"_links":{"self":[{"href":"https:\/\/terapeutadelenguaje.com\/index.php?rest_route=\/wp\/v2\/posts\/2620"}],"collection":[{"href":"https:\/\/terapeutadelenguaje.com\/index.php?rest_route=\/wp\/v2\/posts"}],"about":[{"href":"https:\/\/terapeutadelenguaje.com\/index.php?rest_route=\/wp\/v2\/types\/post"}],"author":[{"embeddable":true,"href":"https:\/\/terapeutadelenguaje.com\/index.php?rest_route=\/wp\/v2\/users\/1"}],"replies":[{"embeddable":true,"href":"https:\/\/terapeutadelenguaje.com\/index.php?rest_route=%2Fwp%2Fv2%2Fcomments&post=2620"}],"version-history":[{"count":4,"href":"https:\/\/terapeutadelenguaje.com\/index.php?rest_route=\/wp\/v2\/posts\/2620\/revisions"}],"predecessor-version":[{"id":2624,"href":"https:\/\/terapeutadelenguaje.com\/index.php?rest_route=\/wp\/v2\/posts\/2620\/revisions\/2624"}],"wp:attachment":[{"href":"https:\/\/terapeutadelenguaje.com\/index.php?rest_route=%2Fwp%2Fv2%2Fmedia&parent=2620"}],"wp:term":[{"taxonomy":"category","embeddable":true,"href":"https:\/\/terapeutadelenguaje.com\/index.php?rest_route=%2Fwp%2Fv2%2Fcategories&post=2620"},{"taxonomy":"post_tag","embeddable":true,"href":"https:\/\/terapeutadelenguaje.com\/index.php?rest_route=%2Fwp%2Fv2%2Ftags&post=2620"}],"curies":[{"name":"wp","href":"https:\/\/api.w.org\/{rel}","templated":true}]}}