{"id":487,"date":"2025-06-18T02:44:04","date_gmt":"2025-06-18T02:44:04","guid":{"rendered":"https:\/\/terapeutadelenguaje.com\/?p=487"},"modified":"2025-08-26T02:36:15","modified_gmt":"2025-08-26T02:36:15","slug":"lic-angelica-lopez-castro","status":"publish","type":"post","link":"https:\/\/terapeutadelenguaje.com\/?p=487","title":{"rendered":"Lic. Ang\u00e9lica Lopez Castro"},"content":{"rendered":"\t\t<div data-elementor-type=\"wp-post\" data-elementor-id=\"487\" class=\"elementor elementor-487\">\n\t\t\t\t\t\t\t\t\t<section class=\"elementor-section elementor-top-section elementor-element elementor-element-983aa13 elementor-section-boxed elementor-section-height-default elementor-section-height-default\" data-id=\"983aa13\" data-element_type=\"section\">\n\t\t\t\t\t\t<div class=\"elementor-container elementor-column-gap-default\">\n\t\t\t\t\t<div class=\"elementor-column elementor-col-50 elementor-top-column elementor-element elementor-element-5d5d1e1\" data-id=\"5d5d1e1\" data-element_type=\"column\">\n\t\t\t<div class=\"elementor-widget-wrap elementor-element-populated\">\n\t\t\t\t\t\t\t\t<div class=\"elementor-element elementor-element-6a0d834 elementor-widget elementor-widget-text-editor\" data-id=\"6a0d834\" data-element_type=\"widget\" data-widget_type=\"text-editor.default\">\n\t\t\t\t<div class=\"elementor-widget-container\">\n\t\t\t<style>\/*! elementor - v3.16.0 - 20-09-2023 *\/\n.elementor-widget-text-editor.elementor-drop-cap-view-stacked .elementor-drop-cap{background-color:#69727d;color:#fff}.elementor-widget-text-editor.elementor-drop-cap-view-framed .elementor-drop-cap{color:#69727d;border:3px solid;background-color:transparent}.elementor-widget-text-editor:not(.elementor-drop-cap-view-default) .elementor-drop-cap{margin-top:8px}.elementor-widget-text-editor:not(.elementor-drop-cap-view-default) .elementor-drop-cap-letter{width:1em;height:1em}.elementor-widget-text-editor .elementor-drop-cap{float:left;text-align:center;line-height:1;font-size:50px}.elementor-widget-text-editor .elementor-drop-cap-letter{display:inline-block}<\/style>\t\t\t\t<p style=\"text-align: center;\"><strong>Estudios:\u00a0<\/strong>\u00a0\u00a0 \u00a0 \u00a0 \u00a0 \u00a0<\/p><p style=\"text-align: center;\">Licenciatura en la terapia de la audici\u00f3n, la voz y el lenguaje oral y escrito<\/p><p style=\"text-align: center;\"><strong>Esp<\/strong><b>ecialidad:\u00a0 \u00a0 \u00a0 \u00a0 \u00a0 \u00a0<\/b><\/p><p style=\"text-align: center;\">Maestr\u00eda en Psicoterapia infantil. Especialidad en Programa Auditivo-Verbal sistema Ling. Diplomado en atenci\u00f3n temprana. Diplomado en problemas de aprendizaje. Diplomado en terapia cognitivo-conductual, Diplomado en neuropsicolog\u00eda del desarrollo. Curso intensivo en ense\u00f1anza PAV, Pr\u00e1ctica Auditivo Verbal (actual) a nivel Latinoamericano.<\/p><p style=\"text-align: center;\"><strong>Cedula profesional:<\/strong><\/p><p style=\"text-align: center;\"><span data-sheets-root=\"1\">2555994<\/span><\/p><p style=\"text-align: center;\"><strong>\u00a0Email:<\/strong><\/p><p style=\"text-align: center;\">angelica.lopezcastro71@gmail.com<\/p><p style=\"text-align: center;\"><strong>Tel\u00e9fono y Celular:<\/strong><\/p><p style=\"text-align: center;\">9932132283<\/p><p style=\"text-align: center;\"><strong>Consultorio:<\/strong><\/p><p style=\"text-align: center;\">Calle Circuito Cumbres, casa 32, Fraccionamiento Cumbres, Ixtacomit\u00e1n 2da secci\u00f3n\u00a0<\/p><p style=\"text-align: center;\"><b>VILLA HERMOSA TABASCO<\/b><\/p>\t\t\t\t\t\t<\/div>\n\t\t\t\t<\/div>\n\t\t\t\t\t<\/div>\n\t\t<\/div>\n\t\t\t\t<div class=\"elementor-column elementor-col-50 elementor-top-column elementor-element elementor-element-d58a3c2\" data-id=\"d58a3c2\" data-element_type=\"column\">\n\t\t\t<div class=\"elementor-widget-wrap elementor-element-populated\">\n\t\t\t\t\t\t\t\t<div class=\"elementor-element elementor-element-27081fd elementor-widget elementor-widget-image\" data-id=\"27081fd\" data-element_type=\"widget\" data-widget_type=\"image.default\">\n\t\t\t\t<div class=\"elementor-widget-container\">\n\t\t\t<style>\/*! elementor - v3.16.0 - 20-09-2023 *\/\n.elementor-widget-image{text-align:center}.elementor-widget-image a{display:inline-block}.elementor-widget-image a img[src$=\".svg\"]{width:48px}.elementor-widget-image img{vertical-align:middle;display:inline-block}<\/style>\t\t\t\t\t\t\t\t\t\t\t\t<img loading=\"lazy\" decoding=\"async\" width=\"446\" height=\"607\" src=\"https:\/\/terapeutadelenguaje.com\/wp-content\/uploads\/2022\/12\/Angelica.jpg\" class=\"attachment-large size-large wp-image-624\" alt=\"\" srcset=\"https:\/\/terapeutadelenguaje.com\/wp-content\/uploads\/2022\/12\/Angelica.jpg 446w, https:\/\/terapeutadelenguaje.com\/wp-content\/uploads\/2022\/12\/Angelica-220x300.jpg 220w\" sizes=\"(max-width: 446px) 100vw, 446px\" \/>\t\t\t\t\t\t\t\t\t\t\t\t\t\t\t<\/div>\n\t\t\t\t<\/div>\n\t\t\t\t<div class=\"elementor-element elementor-element-85e57d2 elementor-widget elementor-widget-text-editor\" data-id=\"85e57d2\" data-element_type=\"widget\" data-widget_type=\"text-editor.default\">\n\t\t\t\t<div class=\"elementor-widget-container\">\n\t\t\t\t\t\t\t<h2 style=\"text-align: center;\"><strong>Atenci\u00f3n remota y presencial<\/strong><\/h2>\t\t\t\t\t\t<\/div>\n\t\t\t\t<\/div>\n\t\t\t\t<div class=\"elementor-element elementor-element-b0cc04c elementor-widget elementor-widget-heading\" data-id=\"b0cc04c\" data-element_type=\"widget\" data-widget_type=\"heading.default\">\n\t\t\t\t<div class=\"elementor-widget-container\">\n\t\t\t<style>\/*! elementor - v3.16.0 - 20-09-2023 *\/\n.elementor-heading-title{padding:0;margin:0;line-height:1}.elementor-widget-heading .elementor-heading-title[class*=elementor-size-]>a{color:inherit;font-size:inherit;line-height:inherit}.elementor-widget-heading .elementor-heading-title.elementor-size-small{font-size:15px}.elementor-widget-heading .elementor-heading-title.elementor-size-medium{font-size:19px}.elementor-widget-heading .elementor-heading-title.elementor-size-large{font-size:29px}.elementor-widget-heading .elementor-heading-title.elementor-size-xl{font-size:39px}.elementor-widget-heading .elementor-heading-title.elementor-size-xxl{font-size:59px}<\/style><h2 class=\"elementor-heading-title elementor-size-default\">Tel y Whats App:\n\n9932132283<\/h2>\t\t<\/div>\n\t\t\t\t<\/div>\n\t\t\t\t\t<\/div>\n\t\t<\/div>\n\t\t\t\t\t\t\t<\/div>\n\t\t<\/section>\n\t\t\t\t\t\t\t<\/div>\n\t\t","protected":false},"excerpt":{"rendered":"<p>Estudios:\u00a0\u00a0\u00a0 \u00a0 \u00a0 \u00a0 \u00a0 Licenciatura en la terapia de la audici\u00f3n, la voz y el lenguaje oral y escrito Especialidad:\u00a0 \u00a0 \u00a0 \u00a0 \u00a0 \u00a0 Maestr\u00eda en Psicoterapia infantil. Especialidad en Programa Auditivo-Verbal sistema Ling. Diplomado en atenci\u00f3n temprana. Diplomado en problemas de aprendizaje. Diplomado en terapia cognitivo-conductual, Diplomado en neuropsicolog\u00eda del desarrollo. Curso &hellip;<\/p>\n<p class=\"read-more\"> <a class=\"\" href=\"https:\/\/terapeutadelenguaje.com\/?p=487\"> <span class=\"screen-reader-text\">Lic. Ang\u00e9lica Lopez Castro<\/span> Leer m\u00e1s &raquo;<\/a><\/p>\n","protected":false},"author":1,"featured_media":0,"comment_status":"open","ping_status":"open","sticky":false,"template":"","format":"standard","meta":{"site-sidebar-layout":"default","site-content-layout":"","ast-site-content-layout":"default","site-content-style":"default","site-sidebar-style":"default","ast-global-header-display":"","ast-banner-title-visibility":"","ast-main-header-display":"","ast-hfb-above-header-display":"","ast-hfb-below-header-display":"","ast-hfb-mobile-header-display":"","site-post-title":"","ast-breadcrumbs-content":"","ast-featured-img":"","footer-sml-layout":"","theme-transparent-header-meta":"","adv-header-id-meta":"","stick-header-meta":"","header-above-stick-meta":"","header-main-stick-meta":"","header-below-stick-meta":"","astra-migrate-meta-layouts":"set","_joinchat":[],"footnotes":""},"categories":[1],"tags":[],"class_list":["post-487","post","type-post","status-publish","format-standard","hentry","category-uncategorized"],"_links":{"self":[{"href":"https:\/\/terapeutadelenguaje.com\/index.php?rest_route=\/wp\/v2\/posts\/487"}],"collection":[{"href":"https:\/\/terapeutadelenguaje.com\/index.php?rest_route=\/wp\/v2\/posts"}],"about":[{"href":"https:\/\/terapeutadelenguaje.com\/index.php?rest_route=\/wp\/v2\/types\/post"}],"author":[{"embeddable":true,"href":"https:\/\/terapeutadelenguaje.com\/index.php?rest_route=\/wp\/v2\/users\/1"}],"replies":[{"embeddable":true,"href":"https:\/\/terapeutadelenguaje.com\/index.php?rest_route=%2Fwp%2Fv2%2Fcomments&post=487"}],"version-history":[{"count":25,"href":"https:\/\/terapeutadelenguaje.com\/index.php?rest_route=\/wp\/v2\/posts\/487\/revisions"}],"predecessor-version":[{"id":1963,"href":"https:\/\/terapeutadelenguaje.com\/index.php?rest_route=\/wp\/v2\/posts\/487\/revisions\/1963"}],"wp:attachment":[{"href":"https:\/\/terapeutadelenguaje.com\/index.php?rest_route=%2Fwp%2Fv2%2Fmedia&parent=487"}],"wp:term":[{"taxonomy":"category","embeddable":true,"href":"https:\/\/terapeutadelenguaje.com\/index.php?rest_route=%2Fwp%2Fv2%2Fcategories&post=487"},{"taxonomy":"post_tag","embeddable":true,"href":"https:\/\/terapeutadelenguaje.com\/index.php?rest_route=%2Fwp%2Fv2%2Ftags&post=487"}],"curies":[{"name":"wp","href":"https:\/\/api.w.org\/{rel}","templated":true}]}}