{"id":504,"date":"2025-06-18T02:51:33","date_gmt":"2025-06-18T02:51:33","guid":{"rendered":"https:\/\/terapeutadelenguaje.com\/?p=504"},"modified":"2025-08-26T02:34:22","modified_gmt":"2025-08-26T02:34:22","slug":"lic-sofia-barron","status":"publish","type":"post","link":"https:\/\/terapeutadelenguaje.com\/?p=504","title":{"rendered":"Lic. Sof\u00eda Barr\u00f3n"},"content":{"rendered":"\t\t<div data-elementor-type=\"wp-post\" data-elementor-id=\"504\" class=\"elementor elementor-504\">\n\t\t\t\t\t\t\t\t\t<section class=\"elementor-section elementor-top-section elementor-element elementor-element-1fdbe5d elementor-section-boxed elementor-section-height-default elementor-section-height-default\" data-id=\"1fdbe5d\" data-element_type=\"section\">\n\t\t\t\t\t\t<div class=\"elementor-container elementor-column-gap-default\">\n\t\t\t\t\t<div class=\"elementor-column elementor-col-50 elementor-top-column elementor-element elementor-element-9ca70d4\" data-id=\"9ca70d4\" data-element_type=\"column\">\n\t\t\t<div class=\"elementor-widget-wrap elementor-element-populated\">\n\t\t\t\t\t\t\t\t<div class=\"elementor-element elementor-element-7dade01 elementor-widget elementor-widget-text-editor\" data-id=\"7dade01\" data-element_type=\"widget\" data-widget_type=\"text-editor.default\">\n\t\t\t\t<div class=\"elementor-widget-container\">\n\t\t\t<style>\/*! elementor - v3.16.0 - 20-09-2023 *\/\n.elementor-widget-text-editor.elementor-drop-cap-view-stacked .elementor-drop-cap{background-color:#69727d;color:#fff}.elementor-widget-text-editor.elementor-drop-cap-view-framed .elementor-drop-cap{color:#69727d;border:3px solid;background-color:transparent}.elementor-widget-text-editor:not(.elementor-drop-cap-view-default) .elementor-drop-cap{margin-top:8px}.elementor-widget-text-editor:not(.elementor-drop-cap-view-default) .elementor-drop-cap-letter{width:1em;height:1em}.elementor-widget-text-editor .elementor-drop-cap{float:left;text-align:center;line-height:1;font-size:50px}.elementor-widget-text-editor .elementor-drop-cap-letter{display:inline-block}<\/style>\t\t\t\t<p style=\"text-align: center;\"><strong>Estudios:\u00a0<\/strong>\u00a0\u00a0 \u00a0 \u00a0 \u00a0 \u00a0<\/p><p style=\"text-align: center;\">Licenciatura en la terapia de la audici\u00f3n, la voz y el lenguaje oral y escrito<\/p><p style=\"text-align: center;\"><strong>Esp<\/strong><b>ecialidad:\u00a0 \u00a0 \u00a0 \u00a0 \u00a0 \u00a0<\/b><\/p><p style=\"text-align: center;\">Certificaci\u00f3n internacional como maestra en el m\u00e9todo FELDENKRAIS\u00ae avalada por la coordinaci\u00f3n de educaci\u00f3n m\u00e9dica continua de la facultad de medicina de la universidad de Colima con el reconocimiento de la FELDENKRAIS GUILD \u00aeOF NORT MERICA (FGNA) y de la federaci\u00f3n nacional FELDENKRAIS (IFF)\u00ae.<\/p><p style=\"text-align: center;\">Menci\u00f3n honor\u00edfica con la tesis: gu\u00eda del terapeuta para el trabajo con padres de ni\u00f1os con deficiencia auditiva en edades tempranas.<\/p><p style=\"text-align: center;\">Atenci\u00f3n a ni\u00f1os y adultos, estimulaci\u00f3n temprana, terapia de aprendizaje, trastornos cognitivos, afasias, problemas de audici\u00f3n, trastornos en el lenguaje oral y escrito.<\/p><p style=\"text-align: center;\"><strong>\u00a0Email:<\/strong><\/p><p style=\"text-align: center;\">sofiabarron@yahoo.es<\/p><p style=\"text-align: center;\"><span style=\"text-decoration: underline;\"><strong>Atenci\u00f3n remota y presencial<\/strong><\/span><\/p><p style=\"text-align: center;\"><strong>Direcci\u00f3n de consultorio:<\/strong><\/p><p style=\"text-align: center;\">Calle 26 de marzo N\u00b0 49, Col. Manuel \u00c1vila Camacho, Delegaci\u00f3n: Naucalpan de Ju\u00e1rez,<\/p><p style=\"text-align: center;\"><strong>Lomas hip\u00f3dromo<\/strong>.<\/p><p style=\"text-align: center;\">\u00a0<\/p>\t\t\t\t\t\t<\/div>\n\t\t\t\t<\/div>\n\t\t\t\t\t<\/div>\n\t\t<\/div>\n\t\t\t\t<div class=\"elementor-column elementor-col-50 elementor-top-column elementor-element elementor-element-4c56525\" data-id=\"4c56525\" data-element_type=\"column\">\n\t\t\t<div class=\"elementor-widget-wrap elementor-element-populated\">\n\t\t\t\t\t\t\t\t<div class=\"elementor-element elementor-element-e08e113 elementor-widget elementor-widget-image\" data-id=\"e08e113\" data-element_type=\"widget\" data-widget_type=\"image.default\">\n\t\t\t\t<div class=\"elementor-widget-container\">\n\t\t\t<style>\/*! elementor - v3.16.0 - 20-09-2023 *\/\n.elementor-widget-image{text-align:center}.elementor-widget-image a{display:inline-block}.elementor-widget-image a img[src$=\".svg\"]{width:48px}.elementor-widget-image img{vertical-align:middle;display:inline-block}<\/style>\t\t\t\t\t\t\t\t\t\t\t\t<img loading=\"lazy\" decoding=\"async\" width=\"929\" height=\"1024\" src=\"https:\/\/terapeutadelenguaje.com\/wp-content\/uploads\/2022\/12\/Imagen-de-WhatsApp-2025-06-16-a-las-21.11.40_66066b38-929x1024.jpg\" class=\"attachment-large size-large wp-image-386\" alt=\"\" srcset=\"https:\/\/terapeutadelenguaje.com\/wp-content\/uploads\/2022\/12\/Imagen-de-WhatsApp-2025-06-16-a-las-21.11.40_66066b38-929x1024.jpg 929w, https:\/\/terapeutadelenguaje.com\/wp-content\/uploads\/2022\/12\/Imagen-de-WhatsApp-2025-06-16-a-las-21.11.40_66066b38-272x300.jpg 272w, https:\/\/terapeutadelenguaje.com\/wp-content\/uploads\/2022\/12\/Imagen-de-WhatsApp-2025-06-16-a-las-21.11.40_66066b38-768x846.jpg 768w, https:\/\/terapeutadelenguaje.com\/wp-content\/uploads\/2022\/12\/Imagen-de-WhatsApp-2025-06-16-a-las-21.11.40_66066b38-e1756176946488.jpg 467w\" sizes=\"(max-width: 929px) 100vw, 929px\" \/>\t\t\t\t\t\t\t\t\t\t\t\t\t\t\t<\/div>\n\t\t\t\t<\/div>\n\t\t\t\t<div class=\"elementor-element elementor-element-316206b elementor-widget elementor-widget-text-editor\" data-id=\"316206b\" data-element_type=\"widget\" data-widget_type=\"text-editor.default\">\n\t\t\t\t<div class=\"elementor-widget-container\">\n\t\t\t\t\t\t\t<h2 style=\"text-align: center;\"><strong>Atenci\u00f3n remota y presencial<\/strong><\/h2>\t\t\t\t\t\t<\/div>\n\t\t\t\t<\/div>\n\t\t\t\t<div class=\"elementor-element elementor-element-e6644c4 elementor-widget elementor-widget-heading\" data-id=\"e6644c4\" data-element_type=\"widget\" data-widget_type=\"heading.default\">\n\t\t\t\t<div class=\"elementor-widget-container\">\n\t\t\t<style>\/*! elementor - v3.16.0 - 20-09-2023 *\/\n.elementor-heading-title{padding:0;margin:0;line-height:1}.elementor-widget-heading .elementor-heading-title[class*=elementor-size-]>a{color:inherit;font-size:inherit;line-height:inherit}.elementor-widget-heading .elementor-heading-title.elementor-size-small{font-size:15px}.elementor-widget-heading .elementor-heading-title.elementor-size-medium{font-size:19px}.elementor-widget-heading .elementor-heading-title.elementor-size-large{font-size:29px}.elementor-widget-heading .elementor-heading-title.elementor-size-xl{font-size:39px}.elementor-widget-heading .elementor-heading-title.elementor-size-xxl{font-size:59px}<\/style><h2 class=\"elementor-heading-title elementor-size-default\">Tel y Whats App: 5522726446<\/h2>\t\t<\/div>\n\t\t\t\t<\/div>\n\t\t\t\t\t<\/div>\n\t\t<\/div>\n\t\t\t\t\t\t\t<\/div>\n\t\t<\/section>\n\t\t\t\t\t\t\t<\/div>\n\t\t","protected":false},"excerpt":{"rendered":"<p>Estudios:\u00a0\u00a0\u00a0 \u00a0 \u00a0 \u00a0 \u00a0 Licenciatura en la terapia de la audici\u00f3n, la voz y el lenguaje oral y escrito Especialidad:\u00a0 \u00a0 \u00a0 \u00a0 \u00a0 \u00a0 Certificaci\u00f3n internacional como maestra en el m\u00e9todo FELDENKRAIS\u00ae avalada por la coordinaci\u00f3n de educaci\u00f3n m\u00e9dica continua de la facultad de medicina de la universidad de Colima con el reconocimiento &hellip;<\/p>\n<p class=\"read-more\"> <a class=\"\" href=\"https:\/\/terapeutadelenguaje.com\/?p=504\"> <span class=\"screen-reader-text\">Lic. Sof\u00eda Barr\u00f3n<\/span> Leer m\u00e1s &raquo;<\/a><\/p>\n","protected":false},"author":1,"featured_media":0,"comment_status":"open","ping_status":"open","sticky":false,"template":"","format":"standard","meta":{"site-sidebar-layout":"default","site-content-layout":"","ast-site-content-layout":"default","site-content-style":"default","site-sidebar-style":"default","ast-global-header-display":"","ast-banner-title-visibility":"","ast-main-header-display":"","ast-hfb-above-header-display":"","ast-hfb-below-header-display":"","ast-hfb-mobile-header-display":"","site-post-title":"","ast-breadcrumbs-content":"","ast-featured-img":"","footer-sml-layout":"","theme-transparent-header-meta":"","adv-header-id-meta":"","stick-header-meta":"","header-above-stick-meta":"","header-main-stick-meta":"","header-below-stick-meta":"","astra-migrate-meta-layouts":"set","_joinchat":[],"footnotes":""},"categories":[1],"tags":[],"class_list":["post-504","post","type-post","status-publish","format-standard","hentry","category-uncategorized"],"_links":{"self":[{"href":"https:\/\/terapeutadelenguaje.com\/index.php?rest_route=\/wp\/v2\/posts\/504"}],"collection":[{"href":"https:\/\/terapeutadelenguaje.com\/index.php?rest_route=\/wp\/v2\/posts"}],"about":[{"href":"https:\/\/terapeutadelenguaje.com\/index.php?rest_route=\/wp\/v2\/types\/post"}],"author":[{"embeddable":true,"href":"https:\/\/terapeutadelenguaje.com\/index.php?rest_route=\/wp\/v2\/users\/1"}],"replies":[{"embeddable":true,"href":"https:\/\/terapeutadelenguaje.com\/index.php?rest_route=%2Fwp%2Fv2%2Fcomments&post=504"}],"version-history":[{"count":31,"href":"https:\/\/terapeutadelenguaje.com\/index.php?rest_route=\/wp\/v2\/posts\/504\/revisions"}],"predecessor-version":[{"id":1954,"href":"https:\/\/terapeutadelenguaje.com\/index.php?rest_route=\/wp\/v2\/posts\/504\/revisions\/1954"}],"wp:attachment":[{"href":"https:\/\/terapeutadelenguaje.com\/index.php?rest_route=%2Fwp%2Fv2%2Fmedia&parent=504"}],"wp:term":[{"taxonomy":"category","embeddable":true,"href":"https:\/\/terapeutadelenguaje.com\/index.php?rest_route=%2Fwp%2Fv2%2Fcategories&post=504"},{"taxonomy":"post_tag","embeddable":true,"href":"https:\/\/terapeutadelenguaje.com\/index.php?rest_route=%2Fwp%2Fv2%2Ftags&post=504"}],"curies":[{"name":"wp","href":"https:\/\/api.w.org\/{rel}","templated":true}]}}