{"id":578,"date":"2025-06-18T03:36:46","date_gmt":"2025-06-18T03:36:46","guid":{"rendered":"https:\/\/terapeutadelenguaje.com\/?p=578"},"modified":"2025-08-26T02:47:24","modified_gmt":"2025-08-26T02:47:24","slug":"lic-marcela-romano-delon","status":"publish","type":"post","link":"https:\/\/terapeutadelenguaje.com\/?p=578","title":{"rendered":"Lic. Marcela Romano Delon"},"content":{"rendered":"\t\t<div data-elementor-type=\"wp-post\" data-elementor-id=\"578\" class=\"elementor elementor-578\">\n\t\t\t\t\t\t\t\t\t<section class=\"elementor-section elementor-top-section elementor-element elementor-element-e38ae97 elementor-section-boxed elementor-section-height-default elementor-section-height-default\" data-id=\"e38ae97\" data-element_type=\"section\">\n\t\t\t\t\t\t<div class=\"elementor-container elementor-column-gap-default\">\n\t\t\t\t\t<div class=\"elementor-column elementor-col-50 elementor-top-column elementor-element elementor-element-d12925b\" data-id=\"d12925b\" data-element_type=\"column\">\n\t\t\t<div class=\"elementor-widget-wrap elementor-element-populated\">\n\t\t\t\t\t\t\t\t<div class=\"elementor-element elementor-element-f8a3789 elementor-widget elementor-widget-text-editor\" data-id=\"f8a3789\" data-element_type=\"widget\" data-widget_type=\"text-editor.default\">\n\t\t\t\t<div class=\"elementor-widget-container\">\n\t\t\t<style>\/*! elementor - v3.16.0 - 20-09-2023 *\/\n.elementor-widget-text-editor.elementor-drop-cap-view-stacked .elementor-drop-cap{background-color:#69727d;color:#fff}.elementor-widget-text-editor.elementor-drop-cap-view-framed .elementor-drop-cap{color:#69727d;border:3px solid;background-color:transparent}.elementor-widget-text-editor:not(.elementor-drop-cap-view-default) .elementor-drop-cap{margin-top:8px}.elementor-widget-text-editor:not(.elementor-drop-cap-view-default) .elementor-drop-cap-letter{width:1em;height:1em}.elementor-widget-text-editor .elementor-drop-cap{float:left;text-align:center;line-height:1;font-size:50px}.elementor-widget-text-editor .elementor-drop-cap-letter{display:inline-block}<\/style>\t\t\t\t<p style=\"text-align: center;\"><strong>Estudios:\u00a0<\/strong>\u00a0\u00a0 \u00a0 \u00a0 \u00a0 \u00a0<\/p><p style=\"text-align: center;\">Licenciatura en terapia de la voz, la audici\u00f3n y el lenguaje<\/p><p style=\"text-align: center;\"><strong>Esp<\/strong><b>ecialidad:\u00a0 \u00a0 \u00a0 \u00a0 \u00a0 \u00a0<\/b><\/p><p style=\"text-align: center;\">Maestr\u00eda en patolog\u00eda de la audici\u00f3n y el lenguaje<\/p><p style=\"text-align: center;\"><strong>Cedula profesional:<\/strong><\/p><p style=\"text-align: center;\">Ced. Prof 2005007,<\/p><p style=\"text-align: center;\">Ced. Prof Maestri\u0301a 8026580<\/p><p style=\"text-align: center;\"><strong>\u00a0Email:<\/strong><\/p><p style=\"text-align: center;\">mraudicion@gmail.com<\/p><p style=\"text-align: center;\"><strong>Consultorio:<\/strong><\/p><p style=\"text-align: center;\">ISRAEL GONZALES 6, COLONIA MODELO, <strong>HERMOSILLO SONORA,<\/strong> CP 83190<\/p>\t\t\t\t\t\t<\/div>\n\t\t\t\t<\/div>\n\t\t\t\t\t<\/div>\n\t\t<\/div>\n\t\t\t\t<div class=\"elementor-column elementor-col-50 elementor-top-column elementor-element elementor-element-bd2d60f\" data-id=\"bd2d60f\" data-element_type=\"column\">\n\t\t\t<div class=\"elementor-widget-wrap elementor-element-populated\">\n\t\t\t\t\t\t\t\t<div class=\"elementor-element elementor-element-23f89ae elementor-widget elementor-widget-image\" data-id=\"23f89ae\" data-element_type=\"widget\" data-widget_type=\"image.default\">\n\t\t\t\t<div class=\"elementor-widget-container\">\n\t\t\t<style>\/*! elementor - v3.16.0 - 20-09-2023 *\/\n.elementor-widget-image{text-align:center}.elementor-widget-image a{display:inline-block}.elementor-widget-image a img[src$=\".svg\"]{width:48px}.elementor-widget-image img{vertical-align:middle;display:inline-block}<\/style>\t\t\t\t\t\t\t\t\t\t\t\t<img loading=\"lazy\" decoding=\"async\" width=\"512\" height=\"408\" src=\"https:\/\/terapeutadelenguaje.com\/wp-content\/uploads\/2022\/12\/Terapeuta-de-lenguaje.jpg\" class=\"attachment-large size-large wp-image-8\" alt=\"\" srcset=\"https:\/\/terapeutadelenguaje.com\/wp-content\/uploads\/2022\/12\/Terapeuta-de-lenguaje.jpg 512w, https:\/\/terapeutadelenguaje.com\/wp-content\/uploads\/2022\/12\/Terapeuta-de-lenguaje-300x239.jpg 300w\" sizes=\"(max-width: 512px) 100vw, 512px\" \/>\t\t\t\t\t\t\t\t\t\t\t\t\t\t\t<\/div>\n\t\t\t\t<\/div>\n\t\t\t\t<div class=\"elementor-element elementor-element-39a570e elementor-widget elementor-widget-text-editor\" data-id=\"39a570e\" data-element_type=\"widget\" data-widget_type=\"text-editor.default\">\n\t\t\t\t<div class=\"elementor-widget-container\">\n\t\t\t\t\t\t\t<h2 style=\"text-align: center;\"><strong>Atenci\u00f3n remota y presencial<\/strong><\/h2>\t\t\t\t\t\t<\/div>\n\t\t\t\t<\/div>\n\t\t\t\t<div class=\"elementor-element elementor-element-7daa24f elementor-widget elementor-widget-heading\" data-id=\"7daa24f\" data-element_type=\"widget\" data-widget_type=\"heading.default\">\n\t\t\t\t<div class=\"elementor-widget-container\">\n\t\t\t<style>\/*! elementor - v3.16.0 - 20-09-2023 *\/\n.elementor-heading-title{padding:0;margin:0;line-height:1}.elementor-widget-heading .elementor-heading-title[class*=elementor-size-]>a{color:inherit;font-size:inherit;line-height:inherit}.elementor-widget-heading .elementor-heading-title.elementor-size-small{font-size:15px}.elementor-widget-heading .elementor-heading-title.elementor-size-medium{font-size:19px}.elementor-widget-heading .elementor-heading-title.elementor-size-large{font-size:29px}.elementor-widget-heading .elementor-heading-title.elementor-size-xl{font-size:39px}.elementor-widget-heading .elementor-heading-title.elementor-size-xxl{font-size:59px}<\/style><h2 class=\"elementor-heading-title elementor-size-default\">Tel y Whats App: 6621671762<\/h2>\t\t<\/div>\n\t\t\t\t<\/div>\n\t\t\t\t\t<\/div>\n\t\t<\/div>\n\t\t\t\t\t\t\t<\/div>\n\t\t<\/section>\n\t\t\t\t\t\t\t<\/div>\n\t\t","protected":false},"excerpt":{"rendered":"<p>Estudios:\u00a0\u00a0\u00a0 \u00a0 \u00a0 \u00a0 \u00a0 Licenciatura en terapia de la voz, la audici\u00f3n y el lenguaje Especialidad:\u00a0 \u00a0 \u00a0 \u00a0 \u00a0 \u00a0 Maestr\u00eda en patolog\u00eda de la audici\u00f3n y el lenguaje Cedula profesional: Ced. Prof 2005007, Ced. Prof Maestri\u0301a 8026580 \u00a0Email: mraudicion@gmail.com Consultorio: ISRAEL GONZALES 6, COLONIA MODELO, HERMOSILLO SONORA, CP 83190 Atenci\u00f3n remota y &hellip;<\/p>\n<p class=\"read-more\"> <a class=\"\" href=\"https:\/\/terapeutadelenguaje.com\/?p=578\"> <span class=\"screen-reader-text\">Lic. Marcela Romano Delon<\/span> Leer m\u00e1s &raquo;<\/a><\/p>\n","protected":false},"author":1,"featured_media":0,"comment_status":"open","ping_status":"open","sticky":false,"template":"","format":"standard","meta":{"site-sidebar-layout":"default","site-content-layout":"","ast-site-content-layout":"default","site-content-style":"default","site-sidebar-style":"default","ast-global-header-display":"","ast-banner-title-visibility":"","ast-main-header-display":"","ast-hfb-above-header-display":"","ast-hfb-below-header-display":"","ast-hfb-mobile-header-display":"","site-post-title":"","ast-breadcrumbs-content":"","ast-featured-img":"","footer-sml-layout":"","theme-transparent-header-meta":"","adv-header-id-meta":"","stick-header-meta":"","header-above-stick-meta":"","header-main-stick-meta":"","header-below-stick-meta":"","astra-migrate-meta-layouts":"set","_joinchat":[],"footnotes":""},"categories":[1],"tags":[],"class_list":["post-578","post","type-post","status-publish","format-standard","hentry","category-uncategorized"],"_links":{"self":[{"href":"https:\/\/terapeutadelenguaje.com\/index.php?rest_route=\/wp\/v2\/posts\/578"}],"collection":[{"href":"https:\/\/terapeutadelenguaje.com\/index.php?rest_route=\/wp\/v2\/posts"}],"about":[{"href":"https:\/\/terapeutadelenguaje.com\/index.php?rest_route=\/wp\/v2\/types\/post"}],"author":[{"embeddable":true,"href":"https:\/\/terapeutadelenguaje.com\/index.php?rest_route=\/wp\/v2\/users\/1"}],"replies":[{"embeddable":true,"href":"https:\/\/terapeutadelenguaje.com\/index.php?rest_route=%2Fwp%2Fv2%2Fcomments&post=578"}],"version-history":[{"count":13,"href":"https:\/\/terapeutadelenguaje.com\/index.php?rest_route=\/wp\/v2\/posts\/578\/revisions"}],"predecessor-version":[{"id":2006,"href":"https:\/\/terapeutadelenguaje.com\/index.php?rest_route=\/wp\/v2\/posts\/578\/revisions\/2006"}],"wp:attachment":[{"href":"https:\/\/terapeutadelenguaje.com\/index.php?rest_route=%2Fwp%2Fv2%2Fmedia&parent=578"}],"wp:term":[{"taxonomy":"category","embeddable":true,"href":"https:\/\/terapeutadelenguaje.com\/index.php?rest_route=%2Fwp%2Fv2%2Fcategories&post=578"},{"taxonomy":"post_tag","embeddable":true,"href":"https:\/\/terapeutadelenguaje.com\/index.php?rest_route=%2Fwp%2Fv2%2Ftags&post=578"}],"curies":[{"name":"wp","href":"https:\/\/api.w.org\/{rel}","templated":true}]}}