{"id":675,"date":"2025-06-27T18:46:51","date_gmt":"2025-06-27T18:46:51","guid":{"rendered":"https:\/\/terapeutadelenguaje.com\/?p=675"},"modified":"2025-07-02T19:03:03","modified_gmt":"2025-07-02T19:03:03","slug":"karla-patricia-rosado-baes","status":"publish","type":"post","link":"https:\/\/terapeutadelenguaje.com\/?p=675","title":{"rendered":"Lic. Karla Patricia Rosado B\u00e1es"},"content":{"rendered":"\t\t<div data-elementor-type=\"wp-post\" data-elementor-id=\"675\" class=\"elementor elementor-675\">\n\t\t\t\t\t\t\t\t\t<section class=\"elementor-section elementor-top-section elementor-element elementor-element-9e2371e elementor-section-boxed elementor-section-height-default elementor-section-height-default\" data-id=\"9e2371e\" data-element_type=\"section\">\n\t\t\t\t\t\t<div class=\"elementor-container elementor-column-gap-default\">\n\t\t\t\t\t<div class=\"elementor-column elementor-col-50 elementor-top-column elementor-element elementor-element-854c7f1\" data-id=\"854c7f1\" data-element_type=\"column\">\n\t\t\t<div class=\"elementor-widget-wrap elementor-element-populated\">\n\t\t\t\t\t\t\t\t<div class=\"elementor-element elementor-element-bbee1d9 elementor-widget elementor-widget-text-editor\" data-id=\"bbee1d9\" data-element_type=\"widget\" data-widget_type=\"text-editor.default\">\n\t\t\t\t<div class=\"elementor-widget-container\">\n\t\t\t<style>\/*! elementor - v3.16.0 - 20-09-2023 *\/\n.elementor-widget-text-editor.elementor-drop-cap-view-stacked .elementor-drop-cap{background-color:#69727d;color:#fff}.elementor-widget-text-editor.elementor-drop-cap-view-framed .elementor-drop-cap{color:#69727d;border:3px solid;background-color:transparent}.elementor-widget-text-editor:not(.elementor-drop-cap-view-default) .elementor-drop-cap{margin-top:8px}.elementor-widget-text-editor:not(.elementor-drop-cap-view-default) .elementor-drop-cap-letter{width:1em;height:1em}.elementor-widget-text-editor .elementor-drop-cap{float:left;text-align:center;line-height:1;font-size:50px}.elementor-widget-text-editor .elementor-drop-cap-letter{display:inline-block}<\/style>\t\t\t\t<p style=\"text-align: center;\"><strong>Estudios:\u00a0<\/strong>\u00a0\u00a0 \u00a0 \u00a0 \u00a0 \u00a0<\/p><p style=\"text-align: center;\"><span data-sheets-root=\"1\">Master en Psicopedagog\u00eda UNIR <\/span><\/p><p style=\"text-align: center;\"><span data-sheets-root=\"1\">Diplomado en la Ense\u00f1anza de la Lectoescritura Universidad An\u00e1huac<\/span><\/p><p style=\"text-align: center;\"><strong>Esp<\/strong><b>ecialidad:\u00a0 \u00a0 \u00a0 \u00a0 \u00a0 \u00a0<\/b><\/p><p style=\"text-align: center;\"><span style=\"font-style: inherit; font-weight: inherit;\"><strong>*<\/strong>Terapias de aprendizaje para consolidar la lectoescritura,<\/span><\/p><p style=\"text-align: center;\"><span data-sheets-root=\"1\">dificultades de atenci\u00f3n, concentraci\u00f3n y memoria <\/span><span data-sheets-root=\"1\">para<\/span><\/p><p style=\"text-align: center;\"><span data-sheets-root=\"1\">ni\u00f1os con TDAH, TEA, DISLEXIA, DISORTOGRAF\u00cdA<\/span><\/p><p style=\"text-align: center;\"><span data-sheets-root=\"1\"> entre otros.<\/span><\/p><p style=\"text-align: center;\"><span style=\"font-style: inherit; font-weight: inherit;\"><strong>*<\/strong>Tutor\u00edas en Aprendizaje y\/o preparaci\u00f3n de ex\u00e1menes<\/span><\/p><p style=\"text-align: center;\"><span style=\"font-style: inherit; font-weight: inherit;\">de nivel preescolar, primaria, secundaria y preparatoria.<\/span><\/p><p style=\"text-align: center;\"><strong>Cedula profesional:<\/strong><\/p><p style=\"text-align: center;\"><span data-sheets-root=\"1\">245515<\/span><\/p><p style=\"text-align: center;\"><strong>\u00a0Email:<\/strong><\/p><p style=\"text-align: center;\"><span data-sheets-root=\"1\">kprb04@gmail.com<\/span><\/p><p style=\"text-align: center;\"><strong>Consultorio:<\/strong><\/p><p style=\"text-align: center;\"><span data-sheets-root=\"1\">Calle Flamingo lote 37 mz 8 smz 523 Fraccionamiento Quetzales ,\u00a0 <\/span><\/p><p style=\"text-align: center;\"><span data-sheets-root=\"1\">C.P. <\/span><span data-sheets-root=\"1\">77533<\/span><\/p><p style=\"text-align: center;\"><strong><span data-sheets-root=\"1\">Canc\u00fan, Quintana Roo<\/span><\/strong><\/p>\t\t\t\t\t\t<\/div>\n\t\t\t\t<\/div>\n\t\t\t\t\t<\/div>\n\t\t<\/div>\n\t\t\t\t<div class=\"elementor-column elementor-col-50 elementor-top-column elementor-element elementor-element-a814e30\" data-id=\"a814e30\" data-element_type=\"column\">\n\t\t\t<div class=\"elementor-widget-wrap elementor-element-populated\">\n\t\t\t\t\t\t\t\t<div class=\"elementor-element elementor-element-2c7c1bc elementor-widget elementor-widget-image\" data-id=\"2c7c1bc\" data-element_type=\"widget\" data-widget_type=\"image.default\">\n\t\t\t\t<div class=\"elementor-widget-container\">\n\t\t\t<style>\/*! elementor - v3.16.0 - 20-09-2023 *\/\n.elementor-widget-image{text-align:center}.elementor-widget-image a{display:inline-block}.elementor-widget-image a img[src$=\".svg\"]{width:48px}.elementor-widget-image img{vertical-align:middle;display:inline-block}<\/style>\t\t\t\t\t\t\t\t\t\t\t\t<img loading=\"lazy\" decoding=\"async\" width=\"512\" height=\"408\" src=\"https:\/\/terapeutadelenguaje.com\/wp-content\/uploads\/2022\/12\/Terapeuta-de-lenguaje.jpg\" class=\"attachment-large size-large wp-image-8\" alt=\"\" srcset=\"https:\/\/terapeutadelenguaje.com\/wp-content\/uploads\/2022\/12\/Terapeuta-de-lenguaje.jpg 512w, https:\/\/terapeutadelenguaje.com\/wp-content\/uploads\/2022\/12\/Terapeuta-de-lenguaje-300x239.jpg 300w\" sizes=\"(max-width: 512px) 100vw, 512px\" \/>\t\t\t\t\t\t\t\t\t\t\t\t\t\t\t<\/div>\n\t\t\t\t<\/div>\n\t\t\t\t<div class=\"elementor-element elementor-element-a4cb5f3 elementor-widget elementor-widget-text-editor\" data-id=\"a4cb5f3\" data-element_type=\"widget\" data-widget_type=\"text-editor.default\">\n\t\t\t\t<div class=\"elementor-widget-container\">\n\t\t\t\t\t\t\t<h2 class=\"elementor-heading-title elementor-size-default\" style=\"text-align: center;\">Atenci\u00f3n remota y presencial<\/h2>\t\t\t\t\t\t<\/div>\n\t\t\t\t<\/div>\n\t\t\t\t\t<\/div>\n\t\t<\/div>\n\t\t\t\t\t\t\t<\/div>\n\t\t<\/section>\n\t\t\t\t\t\t\t<\/div>\n\t\t","protected":false},"excerpt":{"rendered":"<p>Estudios:\u00a0\u00a0\u00a0 \u00a0 \u00a0 \u00a0 \u00a0 Master en Psicopedagog\u00eda UNIR Diplomado en la Ense\u00f1anza de la Lectoescritura Universidad An\u00e1huac Especialidad:\u00a0 \u00a0 \u00a0 \u00a0 \u00a0 \u00a0 *Terapias de aprendizaje para consolidar la lectoescritura, dificultades de atenci\u00f3n, concentraci\u00f3n y memoria para ni\u00f1os con TDAH, TEA, DISLEXIA, DISORTOGRAF\u00cdA entre otros. *Tutor\u00edas en Aprendizaje y\/o preparaci\u00f3n de ex\u00e1menes de nivel &hellip;<\/p>\n<p class=\"read-more\"> <a class=\"\" href=\"https:\/\/terapeutadelenguaje.com\/?p=675\"> <span class=\"screen-reader-text\">Lic. Karla Patricia Rosado B\u00e1es<\/span> Leer m\u00e1s &raquo;<\/a><\/p>\n","protected":false},"author":1,"featured_media":0,"comment_status":"open","ping_status":"open","sticky":false,"template":"","format":"standard","meta":{"site-sidebar-layout":"default","site-content-layout":"","ast-site-content-layout":"default","site-content-style":"default","site-sidebar-style":"default","ast-global-header-display":"","ast-banner-title-visibility":"","ast-main-header-display":"","ast-hfb-above-header-display":"","ast-hfb-below-header-display":"","ast-hfb-mobile-header-display":"","site-post-title":"","ast-breadcrumbs-content":"","ast-featured-img":"","footer-sml-layout":"","theme-transparent-header-meta":"","adv-header-id-meta":"","stick-header-meta":"","header-above-stick-meta":"","header-main-stick-meta":"","header-below-stick-meta":"","astra-migrate-meta-layouts":"set","_joinchat":[],"footnotes":""},"categories":[1],"tags":[],"class_list":["post-675","post","type-post","status-publish","format-standard","hentry","category-uncategorized"],"_links":{"self":[{"href":"https:\/\/terapeutadelenguaje.com\/index.php?rest_route=\/wp\/v2\/posts\/675"}],"collection":[{"href":"https:\/\/terapeutadelenguaje.com\/index.php?rest_route=\/wp\/v2\/posts"}],"about":[{"href":"https:\/\/terapeutadelenguaje.com\/index.php?rest_route=\/wp\/v2\/types\/post"}],"author":[{"embeddable":true,"href":"https:\/\/terapeutadelenguaje.com\/index.php?rest_route=\/wp\/v2\/users\/1"}],"replies":[{"embeddable":true,"href":"https:\/\/terapeutadelenguaje.com\/index.php?rest_route=%2Fwp%2Fv2%2Fcomments&post=675"}],"version-history":[{"count":23,"href":"https:\/\/terapeutadelenguaje.com\/index.php?rest_route=\/wp\/v2\/posts\/675\/revisions"}],"predecessor-version":[{"id":760,"href":"https:\/\/terapeutadelenguaje.com\/index.php?rest_route=\/wp\/v2\/posts\/675\/revisions\/760"}],"wp:attachment":[{"href":"https:\/\/terapeutadelenguaje.com\/index.php?rest_route=%2Fwp%2Fv2%2Fmedia&parent=675"}],"wp:term":[{"taxonomy":"category","embeddable":true,"href":"https:\/\/terapeutadelenguaje.com\/index.php?rest_route=%2Fwp%2Fv2%2Fcategories&post=675"},{"taxonomy":"post_tag","embeddable":true,"href":"https:\/\/terapeutadelenguaje.com\/index.php?rest_route=%2Fwp%2Fv2%2Ftags&post=675"}],"curies":[{"name":"wp","href":"https:\/\/api.w.org\/{rel}","templated":true}]}}