{"id":697,"date":"2025-06-27T19:29:31","date_gmt":"2025-06-27T19:29:31","guid":{"rendered":"https:\/\/terapeutadelenguaje.com\/?p=697"},"modified":"2025-08-26T02:40:38","modified_gmt":"2025-08-26T02:40:38","slug":"lic-beatriz-jazmin-bastida-velez","status":"publish","type":"post","link":"https:\/\/terapeutadelenguaje.com\/?p=697","title":{"rendered":"Lic. Beatriz Jazm\u00edn Bastida V\u00e9lez"},"content":{"rendered":"\t\t<div data-elementor-type=\"wp-post\" data-elementor-id=\"697\" class=\"elementor elementor-697\">\n\t\t\t\t\t\t\t\t\t<section class=\"elementor-section elementor-top-section elementor-element elementor-element-a2dc066 elementor-section-boxed elementor-section-height-default elementor-section-height-default\" data-id=\"a2dc066\" data-element_type=\"section\">\n\t\t\t\t\t\t<div class=\"elementor-container elementor-column-gap-default\">\n\t\t\t\t\t<div class=\"elementor-column elementor-col-50 elementor-top-column elementor-element elementor-element-58fe971\" data-id=\"58fe971\" data-element_type=\"column\">\n\t\t\t<div class=\"elementor-widget-wrap elementor-element-populated\">\n\t\t\t\t\t\t\t\t<div class=\"elementor-element elementor-element-bdecc1d elementor-widget elementor-widget-text-editor\" data-id=\"bdecc1d\" data-element_type=\"widget\" data-widget_type=\"text-editor.default\">\n\t\t\t\t<div class=\"elementor-widget-container\">\n\t\t\t<style>\/*! elementor - v3.16.0 - 20-09-2023 *\/\n.elementor-widget-text-editor.elementor-drop-cap-view-stacked .elementor-drop-cap{background-color:#69727d;color:#fff}.elementor-widget-text-editor.elementor-drop-cap-view-framed .elementor-drop-cap{color:#69727d;border:3px solid;background-color:transparent}.elementor-widget-text-editor:not(.elementor-drop-cap-view-default) .elementor-drop-cap{margin-top:8px}.elementor-widget-text-editor:not(.elementor-drop-cap-view-default) .elementor-drop-cap-letter{width:1em;height:1em}.elementor-widget-text-editor .elementor-drop-cap{float:left;text-align:center;line-height:1;font-size:50px}.elementor-widget-text-editor .elementor-drop-cap-letter{display:inline-block}<\/style>\t\t\t\t<p style=\"text-align: center;\"><strong>Estudios:\u00a0<\/strong>\u00a0\u00a0 \u00a0 \u00a0 \u00a0 \u00a0<\/p><p style=\"text-align: center;\"><span data-sheets-root=\"1\">Terapeuta en audici\u00f3n, lenguaje y aprendizaje<\/span><\/p><p style=\"text-align: center;\"><strong>Esp<\/strong><b>ecialidad:\u00a0 \u00a0 \u00a0 \u00a0 \u00a0 \u00a0<\/b><\/p><p style=\"text-align: center;\"><span data-sheets-root=\"1\">Ni\u00f1os sordos, logogenia, af\u00e1sicos, retardo de lenguaje, articulaci\u00f3n y aprendizaje.<\/span><\/p><p style=\"text-align: center;\"><strong>Cedula profesional:<\/strong><\/p><p style=\"text-align: center;\">&#8212;&#8212;&#8212;&#8212;&#8212;-<\/p><p style=\"text-align: center;\"><strong>\u00a0Email:<\/strong><\/p><p style=\"text-align: center;\"><span data-sheets-root=\"1\">betjazba01@gmail.com<\/span><\/p><p style=\"text-align: center;\"><strong>Consultorio<\/strong><strong>:<\/strong><\/p><p style=\"text-align: center;\">Benito Ju\u00e1rez 186,<br \/>1\u00b0 Piso,<br \/>Esquina 9 Oriente.<br \/>Col Isidro Fabela.<br \/>Alcald\u00eda de Tlalpan<br \/>CP. 14030<br \/>Tel\u00e9fono y Watts App:<br \/>5549381771<br \/><strong>CDMX<\/strong><\/p>\t\t\t\t\t\t<\/div>\n\t\t\t\t<\/div>\n\t\t\t\t\t<\/div>\n\t\t<\/div>\n\t\t\t\t<div class=\"elementor-column elementor-col-50 elementor-top-column elementor-element elementor-element-6a0b743\" data-id=\"6a0b743\" data-element_type=\"column\">\n\t\t\t<div class=\"elementor-widget-wrap elementor-element-populated\">\n\t\t\t\t\t\t\t\t<div class=\"elementor-element elementor-element-16a2479 elementor-widget elementor-widget-image\" data-id=\"16a2479\" data-element_type=\"widget\" data-widget_type=\"image.default\">\n\t\t\t\t<div class=\"elementor-widget-container\">\n\t\t\t<style>\/*! elementor - v3.16.0 - 20-09-2023 *\/\n.elementor-widget-image{text-align:center}.elementor-widget-image a{display:inline-block}.elementor-widget-image a img[src$=\".svg\"]{width:48px}.elementor-widget-image img{vertical-align:middle;display:inline-block}<\/style>\t\t\t\t\t\t\t\t\t\t\t\t<img loading=\"lazy\" decoding=\"async\" width=\"467\" height=\"627\" src=\"https:\/\/terapeutadelenguaje.com\/wp-content\/uploads\/2025\/06\/Betriz-Bastida-Velez-e1756176784923.jpg\" class=\"attachment-large size-large wp-image-846\" alt=\"\" \/>\t\t\t\t\t\t\t\t\t\t\t\t\t\t\t<\/div>\n\t\t\t\t<\/div>\n\t\t\t\t<div class=\"elementor-element elementor-element-09df108 elementor-widget elementor-widget-text-editor\" data-id=\"09df108\" data-element_type=\"widget\" data-widget_type=\"text-editor.default\">\n\t\t\t\t<div class=\"elementor-widget-container\">\n\t\t\t\t\t\t\t<h2 class=\"elementor-heading-title elementor-size-default\" style=\"text-align: center;\">Atenci\u00f3n remota y presencial<\/h2>\t\t\t\t\t\t<\/div>\n\t\t\t\t<\/div>\n\t\t\t\t<div class=\"elementor-element elementor-element-0349f4f elementor-widget elementor-widget-heading\" data-id=\"0349f4f\" data-element_type=\"widget\" data-widget_type=\"heading.default\">\n\t\t\t\t<div class=\"elementor-widget-container\">\n\t\t\t<style>\/*! elementor - v3.16.0 - 20-09-2023 *\/\n.elementor-heading-title{padding:0;margin:0;line-height:1}.elementor-widget-heading .elementor-heading-title[class*=elementor-size-]>a{color:inherit;font-size:inherit;line-height:inherit}.elementor-widget-heading .elementor-heading-title.elementor-size-small{font-size:15px}.elementor-widget-heading .elementor-heading-title.elementor-size-medium{font-size:19px}.elementor-widget-heading .elementor-heading-title.elementor-size-large{font-size:29px}.elementor-widget-heading .elementor-heading-title.elementor-size-xl{font-size:39px}.elementor-widget-heading .elementor-heading-title.elementor-size-xxl{font-size:59px}<\/style><h2 class=\"elementor-heading-title elementor-size-default\">Tel y Whats App: 5575371229<\/h2>\t\t<\/div>\n\t\t\t\t<\/div>\n\t\t\t\t\t<\/div>\n\t\t<\/div>\n\t\t\t\t\t\t\t<\/div>\n\t\t<\/section>\n\t\t\t\t\t\t\t<\/div>\n\t\t","protected":false},"excerpt":{"rendered":"<p>Estudios:\u00a0\u00a0\u00a0 \u00a0 \u00a0 \u00a0 \u00a0 Terapeuta en audici\u00f3n, lenguaje y aprendizaje Especialidad:\u00a0 \u00a0 \u00a0 \u00a0 \u00a0 \u00a0 Ni\u00f1os sordos, logogenia, af\u00e1sicos, retardo de lenguaje, articulaci\u00f3n y aprendizaje. Cedula profesional: &#8212;&#8212;&#8212;&#8212;&#8212;- \u00a0Email: betjazba01@gmail.com Consultorio: Benito Ju\u00e1rez 186,1\u00b0 Piso,Esquina 9 Oriente.Col Isidro Fabela.Alcald\u00eda de TlalpanCP. 14030Tel\u00e9fono y Watts App:5549381771CDMX Atenci\u00f3n remota y presencial Tel y Whats App: &hellip;<\/p>\n<p class=\"read-more\"> <a class=\"\" href=\"https:\/\/terapeutadelenguaje.com\/?p=697\"> <span class=\"screen-reader-text\">Lic. Beatriz Jazm\u00edn Bastida V\u00e9lez<\/span> Leer m\u00e1s &raquo;<\/a><\/p>\n","protected":false},"author":1,"featured_media":0,"comment_status":"open","ping_status":"open","sticky":false,"template":"","format":"standard","meta":{"site-sidebar-layout":"default","site-content-layout":"","ast-site-content-layout":"default","site-content-style":"default","site-sidebar-style":"default","ast-global-header-display":"","ast-banner-title-visibility":"","ast-main-header-display":"","ast-hfb-above-header-display":"","ast-hfb-below-header-display":"","ast-hfb-mobile-header-display":"","site-post-title":"","ast-breadcrumbs-content":"","ast-featured-img":"","footer-sml-layout":"","theme-transparent-header-meta":"","adv-header-id-meta":"","stick-header-meta":"","header-above-stick-meta":"","header-main-stick-meta":"","header-below-stick-meta":"","astra-migrate-meta-layouts":"set","_joinchat":[],"footnotes":""},"categories":[1],"tags":[],"class_list":["post-697","post","type-post","status-publish","format-standard","hentry","category-uncategorized"],"_links":{"self":[{"href":"https:\/\/terapeutadelenguaje.com\/index.php?rest_route=\/wp\/v2\/posts\/697"}],"collection":[{"href":"https:\/\/terapeutadelenguaje.com\/index.php?rest_route=\/wp\/v2\/posts"}],"about":[{"href":"https:\/\/terapeutadelenguaje.com\/index.php?rest_route=\/wp\/v2\/types\/post"}],"author":[{"embeddable":true,"href":"https:\/\/terapeutadelenguaje.com\/index.php?rest_route=\/wp\/v2\/users\/1"}],"replies":[{"embeddable":true,"href":"https:\/\/terapeutadelenguaje.com\/index.php?rest_route=%2Fwp%2Fv2%2Fcomments&post=697"}],"version-history":[{"count":19,"href":"https:\/\/terapeutadelenguaje.com\/index.php?rest_route=\/wp\/v2\/posts\/697\/revisions"}],"predecessor-version":[{"id":1981,"href":"https:\/\/terapeutadelenguaje.com\/index.php?rest_route=\/wp\/v2\/posts\/697\/revisions\/1981"}],"wp:attachment":[{"href":"https:\/\/terapeutadelenguaje.com\/index.php?rest_route=%2Fwp%2Fv2%2Fmedia&parent=697"}],"wp:term":[{"taxonomy":"category","embeddable":true,"href":"https:\/\/terapeutadelenguaje.com\/index.php?rest_route=%2Fwp%2Fv2%2Fcategories&post=697"},{"taxonomy":"post_tag","embeddable":true,"href":"https:\/\/terapeutadelenguaje.com\/index.php?rest_route=%2Fwp%2Fv2%2Ftags&post=697"}],"curies":[{"name":"wp","href":"https:\/\/api.w.org\/{rel}","templated":true}]}}